{"id":827,"date":"2019-02-06T10:00:02","date_gmt":"2019-02-06T13:00:02","guid":{"rendered":"https:\/\/museuweg.net\/blog\/?p=827"},"modified":"2026-02-09T15:45:44","modified_gmt":"2026-02-09T18:45:44","slug":"os-novos-selos-em-homenagem-a-cientistas-brasileiros","status":"publish","type":"post","link":"https:\/\/museuweg.net\/blog\/os-novos-selos-em-homenagem-a-cientistas-brasileiros\/","title":{"rendered":"Os novos selos em homenagem a cientistas brasileiros"},"content":{"rendered":"<p>Se tem uma coisa que nos anima \u00e9 ver cientistas sendo reconhecidos e homenageados. E a anima\u00e7\u00e3o aumenta ainda mais quando descobrimos que eles s\u00e3o brasileiros! Por isso, n\u00e3o podemos deixar de destacar que Os Correios lan\u00e7aram novos selos homenageando dois cientistas tupiniquins. Com uma tiragem de 360 mil selos e valor de R$ 1,85 cada, al\u00e9m de servirem como comprova\u00e7\u00e3o do pagamento do servi\u00e7o postal, h\u00e1 quem compre para colecionar, voc\u00ea conhece algum colecionador? Conta pra ele!<\/p>\n<p>&nbsp;<\/p>\n<p><strong>Cesar Lattes<\/strong><\/p>\n<p><strong>\u00a0<\/strong>Um dos cientistas \u00e9 o f\u00edsico Cesar Lattes, respons\u00e1vel pela descoberta do m\u00e9son pi, uma part\u00edcula subat\u00f4mica, que o levou ao Nobel de F\u00edsica de 1950. No entanto, o pr\u00eamio foi injustamente concedido ao f\u00edsico brit\u00e2nico Cecil Frank Powell, acredita? Sobre o acontecido, em entrevista ao Jornal da Unicamp, em 2001, Lattes disse:<\/p>\n<p><em>\u201cSabe por que eu n\u00e3o ganhei o pr\u00eamio Nobel? Em Chacaltaya, quando descobrimos o m\u00e9son-pi, se publicou: Lattes, Occhialini [Giuseppe Occhialini] e Powell [Cecil Powell, f\u00edsico brit\u00e2nico que ganhou o Nobel em 1950 por fotografar os n\u00facleos at\u00f4micos e pela descoberta do m\u00e9son]. E o Powell, malandro, pegou o pr\u00eamio Nobel pra ele. Occhialini e eu entramos pelo cano. Ele era mais conhecido, tinha o trabalho da produ\u00e7\u00e3o de p\u00f3sitrons em 1933. Depois fui para a Universidade da Calif\u00f3rnia, onde foi inaugurado o sincrociclotron em 1946. J\u00e1 era 1948 e estava produzindo m\u00e9sons desde que entrou em funcionamento em 46, tinha energia mais que suficiente. Ent\u00e3o, detectamos, Garden [Eugene Garden] e eu, o m\u00e9son artificial, alimentando a presun\u00e7\u00e3o de retirar do empirismo todas as pesquisas que se relacionassem com a liberta\u00e7\u00e3o da energia nuclear. Sabe por que n\u00e3o nos deram o Nobel? Garden estava com beriliose, por ter trabalhado na bomba at\u00f4mica durante a Guerra, e o ber\u00edlio tira a elasticidade dos pulm\u00f5es. Morreu pouco depois e n\u00e3o se d\u00e1 o pr\u00eamio Nobel para morto. Me tungaram duas vezes.\u201d<\/em><\/p>\n<p>Lattes teve um not\u00e1vel trabalho na f\u00edsica nuclear, e grande import\u00e2ncia na constitui\u00e7\u00e3o da estrutura administrativa cient\u00edfica brasileira. Em 1946 criou o Centro Brasileiro de Pesquisas F\u00edsicas (CBPF). Tamb\u00e9m exerceu grande import\u00e2ncia na cria\u00e7\u00e3o do Conselho Nacional de Desenvolvimento Cient\u00edfico e Tecnol\u00f3gico (CNPq). O nome do f\u00edsico batizou a plataforma Lattes, sistema utilizado para cadastrar os curr\u00edculos de cientistas brasileiros.<\/p>\n<p>&nbsp;<\/p>\n<p><strong>Johanna D\u00f6bereiner<\/strong><\/p>\n<p><strong>\u00a0<\/strong>A engenheira agr\u00f4noma Johanna D\u00f6bereiner, pioneira nos estudos de biologia do solo, \u00e9 tamb\u00e9m homenageada com um selo. Apesar de nascida na Rep\u00fablica Checa, Johanna veio ao Brasil em 1948, ap\u00f3s v\u00e1rios obst\u00e1culos enfrentados com os males da Segunda Guerra e p\u00f3s-guerra, como persegui\u00e7\u00f5es. Foi no Brasil que ela aprendeu a fazer ci\u00eancia. Cientista mulher e imigrante numa era extremamente machista e xenof\u00f3bica, ela se destacou e recebeu in\u00fameros pr\u00eamios. Sendo indicada ao Nobel de Qu\u00edmica em 1997.<\/p>\n<p>Em entrevista ao Jornal Globo em 1979, destacou:<\/p>\n<p><em>\u201cA gente veio como imigrante, sabendo que escolheu o Brasil como p\u00e1tria e n\u00e3o para mudar nada. Eu sabia que estava sem p\u00e1tria e vim aqui procurar uma nova p\u00e1tria. Ent\u00e3o vim com mentalidade positiva\u201d.<\/em><\/p>\n<p><em>\u00a0<\/em>Uma das maiores contribui\u00e7\u00f5es de Johanna, foi o melhoramento da produ\u00e7\u00e3o de soja com a Fixa\u00e7\u00e3o Biol\u00f3gica de Nitrog\u00eanio (FBN). Seus estudos diminu\u00edram nossa depend\u00eancia de fertilizantes nitrogenados, propiciando-nos a produ\u00e7\u00e3o de soja mais barata do mundo e fazendo uma produ\u00e7\u00e3o mais ecologicamente sustent\u00e1vel.<\/p>\n<p>Em entrevista \u00e0 revista Veja, em 1996, D\u00f6bereiner disse que <em>\u201cna d\u00e9cada de 60, ir contra a aduba\u00e7\u00e3o qu\u00edmica era quase um sacril\u00e9gio. Os fertilizantes estavam revolucionando a agricultura. S\u00f3 muito tempo depois vi que nossas pesquisas n\u00e3o s\u00f3 permitiam uma produ\u00e7\u00e3o mais barata como tamb\u00e9m mais ecol\u00f3gica, porque n\u00e3o polu\u00eda os rios nem o solo\u201d.<\/em><\/p>\n<p><em>\u00a0<\/em>Gostou de descobrir um pouquinho mais sobre esses dois cientistas? Os dois selos s\u00e3o interligados por um elemento em comum: um \u00e1tomo. As ilustra\u00e7\u00f5es buscam representar as contribui\u00e7\u00f5es dos dois para a ci\u00eancia. Quer descobrir mais sobre o mundo da Ci\u00eancia e Tecnologia? Acompanhe nossa p\u00e1gina no Facebook.<\/p>\n<p>&nbsp;<\/p>\n<p>Refer\u00eancia:\u00a0<a href=\"https:\/\/ciencianautas.com\/os-novos-selos-dos-correios-em-homenagem-a-cientistas-brasileiros\/?fbclid=IwAR2AWtCsB_FuZTDWX84uyKwb1YnlkageMYu8X2WXwwNt7BGeMLIL2u3mJzA\">Ciencianautas.com<\/a><\/p>\n","protected":false},"excerpt":{"rendered":"<p>Confira quais os cientistas ser\u00e3o impressos numa edi\u00e7\u00e3o limitada de selos dos Correios.<\/p>\n","protected":false},"author":2,"featured_media":828,"comment_status":"closed","ping_status":"open","sticky":false,"template":"","format":"standard","meta":{"footnotes":""},"categories":[1],"tags":[],"class_list":["post-827","post","type-post","status-publish","format-standard","has-post-thumbnail","hentry","category-magnetismo"],"yoast_head":"<!-- This site is optimized with the Yoast SEO plugin v27.4 - https:\/\/yoast.com\/product\/yoast-seo-wordpress\/ -->\n<title>Os novos selos em homenagem a cientistas brasileiros - Blog com Ci\u00eancia<\/title>\n<meta name=\"robots\" content=\"index, follow, max-snippet:-1, max-image-preview:large, max-video-preview:-1\" \/>\n<link rel=\"canonical\" href=\"https:\/\/museuweg.net\/blog\/os-novos-selos-em-homenagem-a-cientistas-brasileiros\/\" \/>\n<meta property=\"og:locale\" content=\"pt_BR\" \/>\n<meta property=\"og:type\" content=\"article\" \/>\n<meta property=\"og:title\" content=\"Os novos selos em homenagem a cientistas brasileiros - Blog com Ci\u00eancia\" \/>\n<meta property=\"og:description\" content=\"Confira quais os cientistas ser\u00e3o impressos numa edi\u00e7\u00e3o limitada de selos dos Correios.\" \/>\n<meta property=\"og:url\" content=\"https:\/\/museuweg.net\/blog\/os-novos-selos-em-homenagem-a-cientistas-brasileiros\/\" \/>\n<meta property=\"og:site_name\" content=\"Blog com Ci\u00eancia\" \/>\n<meta property=\"article:published_time\" content=\"2019-02-06T13:00:02+00:00\" \/>\n<meta property=\"article:modified_time\" content=\"2026-02-09T18:45:44+00:00\" \/>\n<meta property=\"og:image\" content=\"https:\/\/museuweg.net\/blog\/wp-content\/uploads\/2019\/02\/Selos.png\" \/>\n\t<meta property=\"og:image:width\" content=\"1100\" \/>\n\t<meta property=\"og:image:height\" content=\"400\" \/>\n\t<meta property=\"og:image:type\" content=\"image\/png\" \/>\n<meta name=\"author\" content=\"Museu Weg\" \/>\n<meta name=\"twitter:card\" content=\"summary_large_image\" \/>\n<meta name=\"twitter:label1\" content=\"Escrito por\" \/>\n\t<meta name=\"twitter:data1\" content=\"Museu Weg\" \/>\n\t<meta name=\"twitter:label2\" content=\"Est. tempo de leitura\" \/>\n\t<meta name=\"twitter:data2\" content=\"4 minutos\" \/>\n<script type=\"application\/ld+json\" class=\"yoast-schema-graph\">{\"@context\":\"https:\\\/\\\/schema.org\",\"@graph\":[{\"@type\":\"Article\",\"@id\":\"https:\\\/\\\/museuweg.net\\\/blog\\\/os-novos-selos-em-homenagem-a-cientistas-brasileiros\\\/#article\",\"isPartOf\":{\"@id\":\"https:\\\/\\\/museuweg.net\\\/blog\\\/os-novos-selos-em-homenagem-a-cientistas-brasileiros\\\/\"},\"author\":{\"name\":\"Museu Weg\",\"@id\":\"https:\\\/\\\/museuweg.net\\\/blog\\\/#\\\/schema\\\/person\\\/21cde07ddc30310fb8516d3815e8ee16\"},\"headline\":\"Os novos selos em homenagem a cientistas brasileiros\",\"datePublished\":\"2019-02-06T13:00:02+00:00\",\"dateModified\":\"2026-02-09T18:45:44+00:00\",\"mainEntityOfPage\":{\"@id\":\"https:\\\/\\\/museuweg.net\\\/blog\\\/os-novos-selos-em-homenagem-a-cientistas-brasileiros\\\/\"},\"wordCount\":738,\"image\":{\"@id\":\"https:\\\/\\\/museuweg.net\\\/blog\\\/os-novos-selos-em-homenagem-a-cientistas-brasileiros\\\/#primaryimage\"},\"thumbnailUrl\":\"https:\\\/\\\/museuweg.net\\\/blog\\\/wp-content\\\/uploads\\\/2019\\\/02\\\/Selos.png\",\"articleSection\":[\"Magnetismo\"],\"inLanguage\":\"pt-BR\"},{\"@type\":\"WebPage\",\"@id\":\"https:\\\/\\\/museuweg.net\\\/blog\\\/os-novos-selos-em-homenagem-a-cientistas-brasileiros\\\/\",\"url\":\"https:\\\/\\\/museuweg.net\\\/blog\\\/os-novos-selos-em-homenagem-a-cientistas-brasileiros\\\/\",\"name\":\"Os novos selos em homenagem a cientistas brasileiros - Blog com Ci\u00eancia\",\"isPartOf\":{\"@id\":\"https:\\\/\\\/museuweg.net\\\/blog\\\/#website\"},\"primaryImageOfPage\":{\"@id\":\"https:\\\/\\\/museuweg.net\\\/blog\\\/os-novos-selos-em-homenagem-a-cientistas-brasileiros\\\/#primaryimage\"},\"image\":{\"@id\":\"https:\\\/\\\/museuweg.net\\\/blog\\\/os-novos-selos-em-homenagem-a-cientistas-brasileiros\\\/#primaryimage\"},\"thumbnailUrl\":\"https:\\\/\\\/museuweg.net\\\/blog\\\/wp-content\\\/uploads\\\/2019\\\/02\\\/Selos.png\",\"datePublished\":\"2019-02-06T13:00:02+00:00\",\"dateModified\":\"2026-02-09T18:45:44+00:00\",\"author\":{\"@id\":\"https:\\\/\\\/museuweg.net\\\/blog\\\/#\\\/schema\\\/person\\\/21cde07ddc30310fb8516d3815e8ee16\"},\"breadcrumb\":{\"@id\":\"https:\\\/\\\/museuweg.net\\\/blog\\\/os-novos-selos-em-homenagem-a-cientistas-brasileiros\\\/#breadcrumb\"},\"inLanguage\":\"pt-BR\",\"potentialAction\":[{\"@type\":\"ReadAction\",\"target\":[\"https:\\\/\\\/museuweg.net\\\/blog\\\/os-novos-selos-em-homenagem-a-cientistas-brasileiros\\\/\"]}]},{\"@type\":\"ImageObject\",\"inLanguage\":\"pt-BR\",\"@id\":\"https:\\\/\\\/museuweg.net\\\/blog\\\/os-novos-selos-em-homenagem-a-cientistas-brasileiros\\\/#primaryimage\",\"url\":\"https:\\\/\\\/museuweg.net\\\/blog\\\/wp-content\\\/uploads\\\/2019\\\/02\\\/Selos.png\",\"contentUrl\":\"https:\\\/\\\/museuweg.net\\\/blog\\\/wp-content\\\/uploads\\\/2019\\\/02\\\/Selos.png\",\"width\":1100,\"height\":400},{\"@type\":\"BreadcrumbList\",\"@id\":\"https:\\\/\\\/museuweg.net\\\/blog\\\/os-novos-selos-em-homenagem-a-cientistas-brasileiros\\\/#breadcrumb\",\"itemListElement\":[{\"@type\":\"ListItem\",\"position\":1,\"name\":\"In\u00edcio\",\"item\":\"https:\\\/\\\/museuweg.net\\\/blog\\\/\"},{\"@type\":\"ListItem\",\"position\":2,\"name\":\"Os novos selos em homenagem a cientistas brasileiros\"}]},{\"@type\":\"WebSite\",\"@id\":\"https:\\\/\\\/museuweg.net\\\/blog\\\/#website\",\"url\":\"https:\\\/\\\/museuweg.net\\\/blog\\\/\",\"name\":\"Blog com Ci\u00eancia\",\"description\":\"Museu WEG de Ci\u00eancia e Tecnologia\",\"potentialAction\":[{\"@type\":\"SearchAction\",\"target\":{\"@type\":\"EntryPoint\",\"urlTemplate\":\"https:\\\/\\\/museuweg.net\\\/blog\\\/?s={search_term_string}\"},\"query-input\":{\"@type\":\"PropertyValueSpecification\",\"valueRequired\":true,\"valueName\":\"search_term_string\"}}],\"inLanguage\":\"pt-BR\"},{\"@type\":\"Person\",\"@id\":\"https:\\\/\\\/museuweg.net\\\/blog\\\/#\\\/schema\\\/person\\\/21cde07ddc30310fb8516d3815e8ee16\",\"name\":\"Museu Weg\",\"image\":{\"@type\":\"ImageObject\",\"inLanguage\":\"pt-BR\",\"@id\":\"https:\\\/\\\/secure.gravatar.com\\\/avatar\\\/9201111541af19b95b9c4fd2e3579e233d1a1c493e9ab1ec2927b2666f0fceec?s=96&d=mm&r=g\",\"url\":\"https:\\\/\\\/secure.gravatar.com\\\/avatar\\\/9201111541af19b95b9c4fd2e3579e233d1a1c493e9ab1ec2927b2666f0fceec?s=96&d=mm&r=g\",\"contentUrl\":\"https:\\\/\\\/secure.gravatar.com\\\/avatar\\\/9201111541af19b95b9c4fd2e3579e233d1a1c493e9ab1ec2927b2666f0fceec?s=96&d=mm&r=g\",\"caption\":\"Museu Weg\"},\"sameAs\":[\"http:\\\/\\\/museuweg.net\"],\"url\":\"https:\\\/\\\/museuweg.net\\\/blog\\\/author\\\/museuweg\\\/\"}]}<\/script>\n<!-- \/ Yoast SEO plugin. -->","yoast_head_json":{"title":"Os novos selos em homenagem a cientistas brasileiros - Blog com Ci\u00eancia","robots":{"index":"index","follow":"follow","max-snippet":"max-snippet:-1","max-image-preview":"max-image-preview:large","max-video-preview":"max-video-preview:-1"},"canonical":"https:\/\/museuweg.net\/blog\/os-novos-selos-em-homenagem-a-cientistas-brasileiros\/","og_locale":"pt_BR","og_type":"article","og_title":"Os novos selos em homenagem a cientistas brasileiros - Blog com Ci\u00eancia","og_description":"Confira quais os cientistas ser\u00e3o impressos numa edi\u00e7\u00e3o limitada de selos dos Correios.","og_url":"https:\/\/museuweg.net\/blog\/os-novos-selos-em-homenagem-a-cientistas-brasileiros\/","og_site_name":"Blog com Ci\u00eancia","article_published_time":"2019-02-06T13:00:02+00:00","article_modified_time":"2026-02-09T18:45:44+00:00","og_image":[{"width":1100,"height":400,"url":"https:\/\/museuweg.net\/blog\/wp-content\/uploads\/2019\/02\/Selos.png","type":"image\/png"}],"author":"Museu Weg","twitter_card":"summary_large_image","twitter_misc":{"Escrito por":"Museu Weg","Est. tempo de leitura":"4 minutos"},"schema":{"@context":"https:\/\/schema.org","@graph":[{"@type":"Article","@id":"https:\/\/museuweg.net\/blog\/os-novos-selos-em-homenagem-a-cientistas-brasileiros\/#article","isPartOf":{"@id":"https:\/\/museuweg.net\/blog\/os-novos-selos-em-homenagem-a-cientistas-brasileiros\/"},"author":{"name":"Museu Weg","@id":"https:\/\/museuweg.net\/blog\/#\/schema\/person\/21cde07ddc30310fb8516d3815e8ee16"},"headline":"Os novos selos em homenagem a cientistas brasileiros","datePublished":"2019-02-06T13:00:02+00:00","dateModified":"2026-02-09T18:45:44+00:00","mainEntityOfPage":{"@id":"https:\/\/museuweg.net\/blog\/os-novos-selos-em-homenagem-a-cientistas-brasileiros\/"},"wordCount":738,"image":{"@id":"https:\/\/museuweg.net\/blog\/os-novos-selos-em-homenagem-a-cientistas-brasileiros\/#primaryimage"},"thumbnailUrl":"https:\/\/museuweg.net\/blog\/wp-content\/uploads\/2019\/02\/Selos.png","articleSection":["Magnetismo"],"inLanguage":"pt-BR"},{"@type":"WebPage","@id":"https:\/\/museuweg.net\/blog\/os-novos-selos-em-homenagem-a-cientistas-brasileiros\/","url":"https:\/\/museuweg.net\/blog\/os-novos-selos-em-homenagem-a-cientistas-brasileiros\/","name":"Os novos selos em homenagem a cientistas brasileiros - Blog com Ci\u00eancia","isPartOf":{"@id":"https:\/\/museuweg.net\/blog\/#website"},"primaryImageOfPage":{"@id":"https:\/\/museuweg.net\/blog\/os-novos-selos-em-homenagem-a-cientistas-brasileiros\/#primaryimage"},"image":{"@id":"https:\/\/museuweg.net\/blog\/os-novos-selos-em-homenagem-a-cientistas-brasileiros\/#primaryimage"},"thumbnailUrl":"https:\/\/museuweg.net\/blog\/wp-content\/uploads\/2019\/02\/Selos.png","datePublished":"2019-02-06T13:00:02+00:00","dateModified":"2026-02-09T18:45:44+00:00","author":{"@id":"https:\/\/museuweg.net\/blog\/#\/schema\/person\/21cde07ddc30310fb8516d3815e8ee16"},"breadcrumb":{"@id":"https:\/\/museuweg.net\/blog\/os-novos-selos-em-homenagem-a-cientistas-brasileiros\/#breadcrumb"},"inLanguage":"pt-BR","potentialAction":[{"@type":"ReadAction","target":["https:\/\/museuweg.net\/blog\/os-novos-selos-em-homenagem-a-cientistas-brasileiros\/"]}]},{"@type":"ImageObject","inLanguage":"pt-BR","@id":"https:\/\/museuweg.net\/blog\/os-novos-selos-em-homenagem-a-cientistas-brasileiros\/#primaryimage","url":"https:\/\/museuweg.net\/blog\/wp-content\/uploads\/2019\/02\/Selos.png","contentUrl":"https:\/\/museuweg.net\/blog\/wp-content\/uploads\/2019\/02\/Selos.png","width":1100,"height":400},{"@type":"BreadcrumbList","@id":"https:\/\/museuweg.net\/blog\/os-novos-selos-em-homenagem-a-cientistas-brasileiros\/#breadcrumb","itemListElement":[{"@type":"ListItem","position":1,"name":"In\u00edcio","item":"https:\/\/museuweg.net\/blog\/"},{"@type":"ListItem","position":2,"name":"Os novos selos em homenagem a cientistas brasileiros"}]},{"@type":"WebSite","@id":"https:\/\/museuweg.net\/blog\/#website","url":"https:\/\/museuweg.net\/blog\/","name":"Blog com Ci\u00eancia","description":"Museu WEG de Ci\u00eancia e Tecnologia","potentialAction":[{"@type":"SearchAction","target":{"@type":"EntryPoint","urlTemplate":"https:\/\/museuweg.net\/blog\/?s={search_term_string}"},"query-input":{"@type":"PropertyValueSpecification","valueRequired":true,"valueName":"search_term_string"}}],"inLanguage":"pt-BR"},{"@type":"Person","@id":"https:\/\/museuweg.net\/blog\/#\/schema\/person\/21cde07ddc30310fb8516d3815e8ee16","name":"Museu Weg","image":{"@type":"ImageObject","inLanguage":"pt-BR","@id":"https:\/\/secure.gravatar.com\/avatar\/9201111541af19b95b9c4fd2e3579e233d1a1c493e9ab1ec2927b2666f0fceec?s=96&d=mm&r=g","url":"https:\/\/secure.gravatar.com\/avatar\/9201111541af19b95b9c4fd2e3579e233d1a1c493e9ab1ec2927b2666f0fceec?s=96&d=mm&r=g","contentUrl":"https:\/\/secure.gravatar.com\/avatar\/9201111541af19b95b9c4fd2e3579e233d1a1c493e9ab1ec2927b2666f0fceec?s=96&d=mm&r=g","caption":"Museu Weg"},"sameAs":["http:\/\/museuweg.net"],"url":"https:\/\/museuweg.net\/blog\/author\/museuweg\/"}]}},"views":3988,"_links":{"self":[{"href":"https:\/\/museuweg.net\/blog\/wp-json\/wp\/v2\/posts\/827","targetHints":{"allow":["GET"]}}],"collection":[{"href":"https:\/\/museuweg.net\/blog\/wp-json\/wp\/v2\/posts"}],"about":[{"href":"https:\/\/museuweg.net\/blog\/wp-json\/wp\/v2\/types\/post"}],"author":[{"embeddable":true,"href":"https:\/\/museuweg.net\/blog\/wp-json\/wp\/v2\/users\/2"}],"replies":[{"embeddable":true,"href":"https:\/\/museuweg.net\/blog\/wp-json\/wp\/v2\/comments?post=827"}],"version-history":[{"count":2,"href":"https:\/\/museuweg.net\/blog\/wp-json\/wp\/v2\/posts\/827\/revisions"}],"predecessor-version":[{"id":830,"href":"https:\/\/museuweg.net\/blog\/wp-json\/wp\/v2\/posts\/827\/revisions\/830"}],"wp:featuredmedia":[{"embeddable":true,"href":"https:\/\/museuweg.net\/blog\/wp-json\/wp\/v2\/media\/828"}],"wp:attachment":[{"href":"https:\/\/museuweg.net\/blog\/wp-json\/wp\/v2\/media?parent=827"}],"wp:term":[{"taxonomy":"category","embeddable":true,"href":"https:\/\/museuweg.net\/blog\/wp-json\/wp\/v2\/categories?post=827"},{"taxonomy":"post_tag","embeddable":true,"href":"https:\/\/museuweg.net\/blog\/wp-json\/wp\/v2\/tags?post=827"}],"curies":[{"name":"wp","href":"https:\/\/api.w.org\/{rel}","templated":true}]}}