{"id":3555,"date":"2025-11-26T11:41:48","date_gmt":"2025-11-26T14:41:48","guid":{"rendered":"https:\/\/museuweg.net\/blog\/?p=3555"},"modified":"2026-02-09T15:48:58","modified_gmt":"2026-02-09T18:48:58","slug":"quais-sao-as-consequencias-das-mudancas-climaticas-veja-como-sera-o-calor-em-2026","status":"publish","type":"post","link":"https:\/\/museuweg.net\/blog\/quais-sao-as-consequencias-das-mudancas-climaticas-veja-como-sera-o-calor-em-2026\/","title":{"rendered":"Quais s\u00e3o as consequ\u00eancias das mudan\u00e7as clim\u00e1ticas? Veja como ser\u00e1 o calor em 2026"},"content":{"rendered":"\n<p>As mudan\u00e7as clim\u00e1ticas deixaram de ser um cen\u00e1rio remoto para se tornar parte da nossa realidade. Fen\u00f4menos como secas severas, chuvas intensas, ondas de calor e eleva\u00e7\u00e3o do n\u00edvel do mar s\u00e3o apenas algumas das consequ\u00eancias das mudan\u00e7as clim\u00e1ticas e indicam que o planeta est\u00e1 reagindo ao desequil\u00edbrio provocado pela a\u00e7\u00e3o humana.<\/p>\n\n\n\n<p>Neste conte\u00fado, voc\u00ea vai entender os principais efeitos da a\u00e7\u00e3o humana no planeta e como eles j\u00e1 afetam nosso cotidiano e os ecossistemas, o que pode estar reservado para o Brasil e como ainda \u00e9 poss\u00edvel agir para frear os piores impactos.<\/p>\n\n\n\n<p><strong>Leia tamb\u00e9m:<\/strong> <a href=\"https:\/\/museuweg.net\/blog\/adaptacao-do-corpo-humano-como-sobrevivemos-a-situacoes-extremas\/?utm_source=blog&amp;utm_medium=cta&amp;utm_campaign=quais-sao-as-consequencias-das-mudancas-climaticas-veja-como-sera-o-calor-em-2026\" target=\"_blank\" rel=\"noreferrer noopener\">Adapta\u00e7\u00e3o do corpo humano: como sobrevivemos a situa\u00e7\u00f5es extremas<\/a><\/p>\n\n\n\n<p><\/p>\n\n\n\n<h2 class=\"wp-block-heading\">O fen\u00f4meno global: causas e efeitos observados das mudan\u00e7as clim\u00e1ticas<\/h2>\n\n\n\n<p>As consequ\u00eancias das mudan\u00e7as clim\u00e1ticas j\u00e1 s\u00e3o percept\u00edveis em todas as regi\u00f5es do mundo. O fen\u00f4meno \u00e9 causado principalmente pelo aumento dos gases de efeito estufa que intensificam o efeito estufa natural da Terra, retendo mais calor na atmosfera.<\/p>\n\n\n\n<p>Desde a Revolu\u00e7\u00e3o Industrial, a queima de combust\u00edveis f\u00f3sseis, o desmatamento e a expans\u00e3o industrial v\u00eam alterando o equil\u00edbrio clim\u00e1tico global.<\/p>\n\n\n\n<p>Segundo relat\u00f3rios da ONU e do Painel Intergovernamental sobre Mudan\u00e7as Clim\u00e1ticas (IPCC), o planeta j\u00e1 aqueceu cerca de 1,1 \u00b0C em rela\u00e7\u00e3o ao per\u00edodo pr\u00e9-industrial. Esse aquecimento tem provocado mudan\u00e7as dr\u00e1sticas, como o derretimento de geleiras, eleva\u00e7\u00e3o do n\u00edvel do mar, altera\u00e7\u00e3o dos regimes de chuva e aumento na frequ\u00eancia de eventos extremos.<\/p>\n\n\n\n<p>Esses indicativos mostram que as mudan\u00e7as clim\u00e1ticas n\u00e3o s\u00e3o um problema do futuro: s\u00e3o uma realidade presente que exige compreens\u00e3o e a\u00e7\u00e3o urgente.<\/p>\n\n\n\n<p><\/p>\n\n\n\n<h3 class=\"wp-block-heading\">Consequ\u00eancias das mudan\u00e7as clim\u00e1ticas no cotidiano humano<\/h3>\n\n\n\n<p>Quando falamos em desequil\u00edbrio clim\u00e1tico, n\u00e3o estamos apenas olhando para grandes eventos ou estat\u00edsticas distantes. Muitas das consequ\u00eancias das mudan\u00e7as clim\u00e1ticas j\u00e1 se fazem presentes nas nossas cidades, nas esta\u00e7\u00f5es do ano, no ciclo de chuva, na sa\u00fade das pessoas e no bolso.<\/p>\n\n\n\n<p>Confira a seguir impactos percept\u00edveis em variadas \u00e1reas:<\/p>\n\n\n\n<p><\/p>\n\n\n\n<h4 class=\"wp-block-heading\">Sa\u00fade, doen\u00e7as e impactos f\u00edsicos<\/h4>\n\n\n\n<figure class=\"wp-block-image size-full\"><img loading=\"lazy\" decoding=\"async\" width=\"1024\" height=\"600\" src=\"https:\/\/museuweg.net\/blog\/wp-content\/uploads\/2025\/11\/1.-Como-isso-impacta-nosso-cotidiano_.jpg\" alt=\"Mulher idosa com express\u00e3o de dor ou desconforto sentada pr\u00f3ximo a um ventilador, representando risco de insola\u00e7\u00e3o ou calor excessivo.\" class=\"wp-image-3556\" srcset=\"https:\/\/museuweg.net\/blog\/wp-content\/uploads\/2025\/11\/1.-Como-isso-impacta-nosso-cotidiano_.jpg 1024w, https:\/\/museuweg.net\/blog\/wp-content\/uploads\/2025\/11\/1.-Como-isso-impacta-nosso-cotidiano_-300x176.jpg 300w, https:\/\/museuweg.net\/blog\/wp-content\/uploads\/2025\/11\/1.-Como-isso-impacta-nosso-cotidiano_-768x450.jpg 768w\" sizes=\"auto, (max-width: 1024px) 100vw, 1024px\" \/><\/figure>\n\n\n\n<p><\/p>\n\n\n\n<p>As mudan\u00e7as clim\u00e1ticas j\u00e1 afetam diretamente a sa\u00fade humana. O aumento das temperaturas e as ondas de calor mais frequentes elevam o risco de doen\u00e7as respirat\u00f3rias, cardiovasculares e casos de insola\u00e7\u00e3o, principalmente entre idosos, crian\u00e7as e pessoas com condi\u00e7\u00f5es cr\u00f4nicas.<\/p>\n\n\n\n<p>Estudos realizados em cidades como S\u00e3o Paulo, apontam que os per\u00edodos de calor extremo est\u00e3o associados a um aumento na mortalidade e em interna\u00e7\u00f5es hospitalares.<\/p>\n\n\n\n<p>Al\u00e9m disso, o clima mais quente e as chuvas irregulares favorecem a prolifera\u00e7\u00e3o de mosquitos transmissores de doen\u00e7as como dengue, zika e mal\u00e1ria, que tendem a se espalhar para regi\u00f5es antes menos afetadas.<\/p>\n\n\n\n<p>Outro impacto importante est\u00e1 relacionado ao saneamento: o desabastecimento de \u00e1gua e os problemas de esgoto agravam a dissemina\u00e7\u00e3o de doen\u00e7as gastrointestinais e infec\u00e7\u00f5es, especialmente em \u00e1reas com infraestrutura prec\u00e1ria.<\/p>\n\n\n\n<p><\/p>\n\n\n\n<h4 class=\"wp-block-heading\">Impactos econ\u00f4micos, sociais e em infraestrutura<\/h4>\n\n\n\n<p>As mudan\u00e7as clim\u00e1ticas tamb\u00e9m trazem consequ\u00eancias significativas para a economia, a estrutura das cidades e a vida em sociedade.<\/p>\n\n\n\n<p>O aumento das temperaturas intensifica o consumo de energia, com o uso mais frequente de ar-condicionado e ventiladores, e pressiona sistemas de transporte, abastecimento de \u00e1gua e drenagem urbana. Esses fatores elevam os custos de manuten\u00e7\u00e3o e exigem investimentos constantes em adapta\u00e7\u00e3o e infraestrutura.<\/p>\n\n\n\n<p>As desigualdades sociais se tornam ainda mais evidentes diante desse cen\u00e1rio. Bairros perif\u00e9ricos, com menor arboriza\u00e7\u00e3o, poucas \u00e1reas de sombra e moradias mal ventiladas, sofrem de forma mais intensa os efeitos do calor extremo.<\/p>\n\n\n\n<p>Al\u00e9m disso, as popula\u00e7\u00f5es mais vulner\u00e1veis costumam ter menos recursos para se proteger e se adaptar, o que amplia as disparidades socioecon\u00f4micas em tempos de crise clim\u00e1tica.<\/p>\n\n\n\n<p>Esses efeitos combinados demonstram que o aquecimento global vai muito al\u00e9m do meio ambiente: ele \u00e9 tamb\u00e9m um fen\u00f4meno social. Suas consequ\u00eancias redefinem padr\u00f5es de vida, exigem mudan\u00e7as estruturais e imp\u00f5em novos custos \u00e0 sociedade como um todo.<\/p>\n\n\n\n<p><\/p>\n\n\n\n<h2 class=\"wp-block-heading\">Proje\u00e7\u00f5es para o Brasil 2026: impactos das mudan\u00e7as clim\u00e1ticas<\/h2>\n\n\n\n<p>Por sua dimens\u00e3o continental e diversidade clim\u00e1tica, o Brasil est\u00e1 entre os pa\u00edses mais vulner\u00e1veis aos efeitos das mudan\u00e7as clim\u00e1ticas. Vamos ver algumas proje\u00e7\u00f5es e consequ\u00eancias esperadas para 2026, como exemplo concreto de como as consequ\u00eancias podem j\u00e1 estar se manifestando.<\/p>\n\n\n\n<p><\/p>\n\n\n\n<h3 class=\"wp-block-heading\">Proje\u00e7\u00f5es para calor e extremos clim\u00e1ticos<\/h3>\n\n\n\n<p>Os efeitos do aquecimento global j\u00e1 s\u00e3o sentidos no Brasil, e as proje\u00e7\u00f5es para 2026 indicam que as ondas de calor podem se tornar ainda mais intensas. Em 2025, milh\u00f5es de brasileiros foram impactados por temperaturas recordes e os especialistas alertam que o pr\u00f3ximo ano pode repetir ou at\u00e9 superar esses extremos.<\/p>\n\n\n\n<p>Nas cidades, o fen\u00f4meno das ilhas de calor urbanas tende a agravar a sensa\u00e7\u00e3o t\u00e9rmica. Regi\u00f5es densamente povoadas, com muito concreto e asfalto, ret\u00eam calor e dificultam o resfriamento natural do ambiente, tornando os dias e as noites mais quentes.<\/p>\n\n\n\n<p>De acordo com previs\u00f5es meteorol\u00f3gicas, \u00e1reas do Centro-Oeste e Sudeste podem registrar temperaturas at\u00e9 3 \u00b0C acima da m\u00e9dia hist\u00f3rica. Em contrapartida, regi\u00f5es com menor \u00edndice de chuvas enfrentam risco de secas prolongadas, afetando o abastecimento de \u00e1gua e a agricultura.<\/p>\n\n\n\n<p>J\u00e1 em outras partes do pa\u00eds, h\u00e1 a possibilidade de chuvas intensas e repentinas, que aumentam a ocorr\u00eancia de enchentes e deslizamentos.<\/p>\n\n\n\n<p><\/p>\n\n\n\n<h3 class=\"wp-block-heading\">Consequ\u00eancias para agricultura e seguran\u00e7a alimentar<\/h3>\n\n\n\n<p>As mudan\u00e7as clim\u00e1ticas representam um desafio crescente para a agricultura brasileira e para a seguran\u00e7a alimentar.<\/p>\n\n\n\n<p>Estimativas indicam que, at\u00e9 2030, o pa\u00eds poder\u00e1 perder cerca de 11 milh\u00f5es de hectares de terras agricult\u00e1veis, sendo que a regi\u00e3o Sul pode ser a mais afetada, com at\u00e9 5 milh\u00f5es de hectares a menos.<\/p>\n\n\n\n<p>Essa redu\u00e7\u00e3o, somada \u00e0 instabilidade do clima, tende a diminuir a produtividade de culturas essenciais como soja, milho, arroz e caf\u00e9, principalmente em \u00e1reas que dependem de regimes clim\u00e1ticos mais previs\u00edveis.<\/p>\n\n\n\n<p>Al\u00e9m disso, a combina\u00e7\u00e3o de perdas de produ\u00e7\u00e3o e aumento dos custos de cultivo pressiona os pre\u00e7os dos alimentos para o consumidor final, evidenciando como o aquecimento global impacta diretamente a vida cotidiana e a economia.<\/p>\n\n\n\n<p><\/p>\n\n\n\n<h3 class=\"wp-block-heading\">Impactos ambientais e nos ecossistemas<\/h3>\n\n\n\n<p>As mudan\u00e7as clim\u00e1ticas tamb\u00e9m provocam transforma\u00e7\u00f5es profundas nos ecossistemas e nos recursos naturais. A perda de biodiversidade \u00e9 uma das principais preocupa\u00e7\u00f5es: esp\u00e9cies dos biomas brasileiros podem perder seus habitats e enfrentar risco de extin\u00e7\u00f5es locais.<\/p>\n\n\n\n<p>Os recursos h\u00eddricos sofrem com a redu\u00e7\u00e3o da recarga de aqu\u00edferos e o aumento das secas em bacias importantes, comprometendo o abastecimento de \u00e1gua.<\/p>\n\n\n\n<p>Nas \u00e1reas costeiras, a eleva\u00e7\u00e3o do n\u00edvel do mar amea\u00e7a cidades vulner\u00e1veis, gerando enchentes, eros\u00e3o e a intrus\u00e3o de \u00e1gua salgada em solos e len\u00e7\u00f3is fre\u00e1ticos.<\/p>\n\n\n\n<p>Al\u00e9m disso, os ciclos naturais est\u00e3o se tornando mais imprevis\u00edveis, com chuvas intensas, longos per\u00edodos de estiagem e tempestades cada vez mais severas.<\/p>\n\n\n\n<p><strong>Leia tamb\u00e9m: <\/strong><a href=\"https:\/\/museuweg.net\/blog\/a-ciencia-explica-por-que-terremotos-acontecem\/?utm_source=blog&amp;utm_medium=cta&amp;utm_campaign=quais-sao-as-consequencias-das-mudancas-climaticas-veja-como-sera-o-calor-em-2026\" target=\"_blank\" rel=\"noreferrer noopener\">A ci\u00eancia explica: por que terremotos acontecem?<\/a><\/p>\n\n\n\n<p><\/p>\n\n\n\n<h2 class=\"wp-block-heading\">O que podemos fazer para enfrentar as consequ\u00eancias das mudan\u00e7as clim\u00e1ticas<\/h2>\n\n\n\n<figure class=\"wp-block-image size-full\"><img loading=\"lazy\" decoding=\"async\" width=\"1024\" height=\"600\" src=\"https:\/\/museuweg.net\/blog\/wp-content\/uploads\/2025\/11\/2.-Consequencias-sociais-economicas-e-ambientais-mais-amplas.jpg\" alt=\"Pessoa crian\u00e7a observando solo rachado em uma terra seca, s\u00edmbolo dos efeitos da seca e mudan\u00e7a clim\u00e1tica.\" class=\"wp-image-3557\" srcset=\"https:\/\/museuweg.net\/blog\/wp-content\/uploads\/2025\/11\/2.-Consequencias-sociais-economicas-e-ambientais-mais-amplas.jpg 1024w, https:\/\/museuweg.net\/blog\/wp-content\/uploads\/2025\/11\/2.-Consequencias-sociais-economicas-e-ambientais-mais-amplas-300x176.jpg 300w, https:\/\/museuweg.net\/blog\/wp-content\/uploads\/2025\/11\/2.-Consequencias-sociais-economicas-e-ambientais-mais-amplas-768x450.jpg 768w\" sizes=\"auto, (max-width: 1024px) 100vw, 1024px\" \/><\/figure>\n\n\n\n<p><\/p>\n\n\n\n<p>Embora muitos impactos j\u00e1 estejam em curso e alguns talvez irrevers\u00edveis, ainda h\u00e1 espa\u00e7o expressivo para a\u00e7\u00e3o coordenada entre governos, comunidades, ci\u00eancia e cidad\u00e3os:<\/p>\n\n\n\n<p><\/p>\n\n\n\n<h3 class=\"wp-block-heading\">Pol\u00edticas p\u00fablicas e a\u00e7\u00f5es coletivas<\/h3>\n\n\n\n<p>Enfrentar as consequ\u00eancias das mudan\u00e7as clim\u00e1ticas exige planejamento, coopera\u00e7\u00e3o e pol\u00edticas p\u00fablicas eficazes. Cidades e estados podem investir em infraestruturas urbanas mais resilientes ao calor, com ruas perme\u00e1veis, mais arboriza\u00e7\u00e3o e projetos de planejamento urbano que ajudem a reduzir as ilhas de calor e melhorar a qualidade de vida nas \u00e1reas urbanas.<\/p>\n\n\n\n<p>Outra frente essencial \u00e9 a cria\u00e7\u00e3o de planos de adapta\u00e7\u00e3o clim\u00e1tica, com sistemas de alerta para eventos extremos, monitoramento de sa\u00fade p\u00fablica e controle de vetores de doen\u00e7as.<\/p>\n\n\n\n<p>Paralelamente, o incentivo \u00e0s fontes de energia limpa, \u00e0 efici\u00eancia energ\u00e9tica e ao transporte sustent\u00e1vel contribui para reduzir a emiss\u00e3o de gases de efeito estufa e acelerar a transi\u00e7\u00e3o dos combust\u00edveis f\u00f3sseis.<\/p>\n\n\n\n<p>Por fim, a prote\u00e7\u00e3o e restaura\u00e7\u00e3o de ecossistemas atua como uma forma natural de mitiga\u00e7\u00e3o, ajudando a absorver carbono, regular o clima e aumentar a resili\u00eancia ambiental das comunidades.<\/p>\n\n\n\n<p><\/p>\n\n\n\n<h3 class=\"wp-block-heading\">Mudan\u00e7as no estilo de vida e atitudes individuais<\/h3>\n\n\n\n<p>As mudan\u00e7as clim\u00e1ticas tamb\u00e9m pedem uma transforma\u00e7\u00e3o nas nossas atitudes di\u00e1rias. Pequenas escolhas no dia a dia podem gerar grandes impactos coletivos.<\/p>\n\n\n\n<p>Reduzir o consumo excessivo, evitar o desperd\u00edcio de \u00e1gua e energia e optar por meios de transporte sustent\u00e1veis, como transporte p\u00fablico, bicicletas ou caronas, s\u00e3o a\u00e7\u00f5es simples que diminuem a emiss\u00e3o de gases de efeito estufa.<\/p>\n\n\n\n<p>Al\u00e9m disso, apoiar projetos locais de reflorestamento, hortas urbanas e iniciativas de bairros sustent\u00e1veis fortalece o senso de comunidade e ajuda na recupera\u00e7\u00e3o ambiental.<\/p>\n\n\n\n<p>A educa\u00e7\u00e3o ambiental tamb\u00e9m tem papel essencial nesse processo: escolas, associa\u00e7\u00f5es e movimentos civis contribuem para formar uma consci\u00eancia coletiva mais respons\u00e1vel e comprometida com o futuro do planeta.<\/p>\n\n\n\n<p><\/p>\n\n\n\n<h2 class=\"wp-block-heading\">Um novo clima de consci\u00eancia diante das consequ\u00eancias<\/h2>\n\n\n\n<figure class=\"wp-block-image size-full\"><img loading=\"lazy\" decoding=\"async\" width=\"1024\" height=\"600\" src=\"https:\/\/museuweg.net\/blog\/wp-content\/uploads\/2025\/11\/3.-Um-novo-clima-de-consciencia.jpg\" alt=\"Imagem de uma forte explos\u00e3o solar com brilho intenso, part\u00edculas energ\u00e9ticas e uma atmosfera brilhante e avermelhada, refletindo intensa atividade solar.\" class=\"wp-image-3558\" srcset=\"https:\/\/museuweg.net\/blog\/wp-content\/uploads\/2025\/11\/3.-Um-novo-clima-de-consciencia.jpg 1024w, https:\/\/museuweg.net\/blog\/wp-content\/uploads\/2025\/11\/3.-Um-novo-clima-de-consciencia-300x176.jpg 300w, https:\/\/museuweg.net\/blog\/wp-content\/uploads\/2025\/11\/3.-Um-novo-clima-de-consciencia-768x450.jpg 768w\" sizes=\"auto, (max-width: 1024px) 100vw, 1024px\" \/><\/figure>\n\n\n\n<p><\/p>\n\n\n\n<p>As consequ\u00eancias das mudan\u00e7as clim\u00e1ticas j\u00e1 n\u00e3o s\u00e3o mais uma proje\u00e7\u00e3o distante, s\u00e3o realidades que se desdobram agora, em m\u00faltiplas frentes. O calor projetado para 2026 \u00e9 um sinal de alerta: mostra que, sem mudan\u00e7a, os efeitos extremos se tornar\u00e3o regra, n\u00e3o exce\u00e7\u00e3o.<\/p>\n\n\n\n<p>Mas esse alerta tamb\u00e9m carrega um convite: o de transformar conhecimento em a\u00e7\u00e3o, medo em mobiliza\u00e7\u00e3o, e vulnerabilidade em resili\u00eancia. Cuidar do planeta \u00e9 cuidar de nossa sobreviv\u00eancia, da cultura, da diversidade e das gera\u00e7\u00f5es futuras.<\/p>\n\n\n\n<p>Leia tamb\u00e9m: <a href=\"https:\/\/museuweg.net\/blog\/como-surgem-as-nascentes-de-agua\/?utm_source=blog&amp;utm_medium=cta&amp;utm_campaign=quais-sao-as-consequencias-das-mudancas-climaticas-veja-como-sera-o-calor-em-2026\" target=\"_blank\" rel=\"noreferrer noopener\">Como surgem as nascentes de \u00e1gua?<\/a><\/p>\n\n\n\n<p><\/p>\n\n\n\n<p><\/p>\n\n\n\n<p style=\"font-size:13px\"><strong>Fonte:<br><\/strong><a href=\"https:\/\/www.un.org\/pt\/climatechange\/science\/causes-effects-climate-change\" target=\"_blank\" rel=\"noreferrer noopener\">Causes and Effects of Climate Change &#8211; United Nations<br><\/a><a href=\"https:\/\/contec.org.br\/8-consequencias-das-mudancas-climaticas-segundo-a-onu\/\" target=\"_blank\" rel=\"noreferrer noopener\">8 consequ\u00eancias das mudan\u00e7as clim\u00e1ticas, segundo a ONU &#8211; Contec Brasil<br><\/a><a href=\"https:\/\/www.cnnbrasil.com.br\/esportes\/futebol\/futebol-internacional\/calor-extremo-e-uma-ameaca-crescente-na-copa-do-mundo-de-2026-entenda\/\" target=\"_blank\" rel=\"noreferrer noopener\">Calor extremo \u00e9 uma amea\u00e7a crescente na Copa do Mundo de 2026; entenda &#8211; CNN Brasil<\/a><\/p>\n\n\n\n<p><\/p>\n","protected":false},"excerpt":{"rendered":"<p>Entenda de forma clara as consequ\u00eancias das mudan\u00e7as clim\u00e1ticas e como cada um de n\u00f3s pode agir para proteger sa\u00fade, economia e meio ambiente.<\/p>\n","protected":false},"author":4,"featured_media":3559,"comment_status":"closed","ping_status":"closed","sticky":false,"template":"","format":"standard","meta":{"footnotes":""},"categories":[2],"tags":[12,431],"class_list":["post-3555","post","type-post","status-publish","format-standard","has-post-thumbnail","hentry","category-ciencia-2","tag-ciencia","tag-curiosidades"],"yoast_head":"<!-- This site is optimized with the Yoast SEO plugin v27.4 - https:\/\/yoast.com\/product\/yoast-seo-wordpress\/ -->\n<title>Quais s\u00e3o as consequ\u00eancias das mudan\u00e7as clim\u00e1ticas? Veja como ser\u00e1 o calor em 2026 - Blog com Ci\u00eancia<\/title>\n<meta name=\"description\" content=\"Entenda de forma clara as consequ\u00eancias das mudan\u00e7as clim\u00e1ticas e como cada um de n\u00f3s pode agir para proteger sa\u00fade, economia e meio ambiente.\" \/>\n<meta name=\"robots\" content=\"index, follow, max-snippet:-1, max-image-preview:large, max-video-preview:-1\" \/>\n<link rel=\"canonical\" href=\"https:\/\/museuweg.net\/blog\/quais-sao-as-consequencias-das-mudancas-climaticas-veja-como-sera-o-calor-em-2026\/\" \/>\n<meta property=\"og:locale\" content=\"pt_BR\" \/>\n<meta property=\"og:type\" content=\"article\" \/>\n<meta property=\"og:title\" content=\"Quais s\u00e3o as consequ\u00eancias das mudan\u00e7as clim\u00e1ticas? Veja como ser\u00e1 o calor em 2026 - Blog com Ci\u00eancia\" \/>\n<meta property=\"og:description\" content=\"Entenda de forma clara as consequ\u00eancias das mudan\u00e7as clim\u00e1ticas e como cada um de n\u00f3s pode agir para proteger sa\u00fade, economia e meio ambiente.\" \/>\n<meta property=\"og:url\" content=\"https:\/\/museuweg.net\/blog\/quais-sao-as-consequencias-das-mudancas-climaticas-veja-como-sera-o-calor-em-2026\/\" \/>\n<meta property=\"og:site_name\" content=\"Blog com Ci\u00eancia\" \/>\n<meta property=\"article:published_time\" content=\"2025-11-26T14:41:48+00:00\" \/>\n<meta property=\"article:modified_time\" content=\"2026-02-09T18:48:58+00:00\" \/>\n<meta property=\"og:image\" content=\"https:\/\/museuweg.net\/blog\/wp-content\/uploads\/2025\/11\/Blog-1.jpg\" \/>\n\t<meta property=\"og:image:width\" content=\"1106\" \/>\n\t<meta property=\"og:image:height\" content=\"400\" \/>\n\t<meta property=\"og:image:type\" content=\"image\/jpeg\" \/>\n<meta name=\"author\" content=\"TK Comunica\u00e7\u00e3o\" \/>\n<meta name=\"twitter:card\" content=\"summary_large_image\" \/>\n<meta name=\"twitter:label1\" content=\"Escrito por\" \/>\n\t<meta name=\"twitter:data1\" content=\"TK Comunica\u00e7\u00e3o\" \/>\n\t<meta name=\"twitter:label2\" content=\"Est. tempo de leitura\" \/>\n\t<meta name=\"twitter:data2\" content=\"10 minutos\" \/>\n<script type=\"application\/ld+json\" class=\"yoast-schema-graph\">{\"@context\":\"https:\\\/\\\/schema.org\",\"@graph\":[{\"@type\":\"Article\",\"@id\":\"https:\\\/\\\/museuweg.net\\\/blog\\\/quais-sao-as-consequencias-das-mudancas-climaticas-veja-como-sera-o-calor-em-2026\\\/#article\",\"isPartOf\":{\"@id\":\"https:\\\/\\\/museuweg.net\\\/blog\\\/quais-sao-as-consequencias-das-mudancas-climaticas-veja-como-sera-o-calor-em-2026\\\/\"},\"author\":{\"name\":\"TK Comunica\u00e7\u00e3o\",\"@id\":\"https:\\\/\\\/museuweg.net\\\/blog\\\/#\\\/schema\\\/person\\\/335af7b18e8e13d0ea182a6959e3cd71\"},\"headline\":\"Quais s\u00e3o as consequ\u00eancias das mudan\u00e7as clim\u00e1ticas? Veja como ser\u00e1 o calor em 2026\",\"datePublished\":\"2025-11-26T14:41:48+00:00\",\"dateModified\":\"2026-02-09T18:48:58+00:00\",\"mainEntityOfPage\":{\"@id\":\"https:\\\/\\\/museuweg.net\\\/blog\\\/quais-sao-as-consequencias-das-mudancas-climaticas-veja-como-sera-o-calor-em-2026\\\/\"},\"wordCount\":1761,\"image\":{\"@id\":\"https:\\\/\\\/museuweg.net\\\/blog\\\/quais-sao-as-consequencias-das-mudancas-climaticas-veja-como-sera-o-calor-em-2026\\\/#primaryimage\"},\"thumbnailUrl\":\"https:\\\/\\\/museuweg.net\\\/blog\\\/wp-content\\\/uploads\\\/2025\\\/11\\\/Blog-1.jpg\",\"keywords\":[\"ci\u00eancia\",\"curiosidades\"],\"articleSection\":[\"Ci\u00eancia\"],\"inLanguage\":\"pt-BR\"},{\"@type\":\"WebPage\",\"@id\":\"https:\\\/\\\/museuweg.net\\\/blog\\\/quais-sao-as-consequencias-das-mudancas-climaticas-veja-como-sera-o-calor-em-2026\\\/\",\"url\":\"https:\\\/\\\/museuweg.net\\\/blog\\\/quais-sao-as-consequencias-das-mudancas-climaticas-veja-como-sera-o-calor-em-2026\\\/\",\"name\":\"Quais s\u00e3o as consequ\u00eancias das mudan\u00e7as clim\u00e1ticas? Veja como ser\u00e1 o calor em 2026 - Blog com Ci\u00eancia\",\"isPartOf\":{\"@id\":\"https:\\\/\\\/museuweg.net\\\/blog\\\/#website\"},\"primaryImageOfPage\":{\"@id\":\"https:\\\/\\\/museuweg.net\\\/blog\\\/quais-sao-as-consequencias-das-mudancas-climaticas-veja-como-sera-o-calor-em-2026\\\/#primaryimage\"},\"image\":{\"@id\":\"https:\\\/\\\/museuweg.net\\\/blog\\\/quais-sao-as-consequencias-das-mudancas-climaticas-veja-como-sera-o-calor-em-2026\\\/#primaryimage\"},\"thumbnailUrl\":\"https:\\\/\\\/museuweg.net\\\/blog\\\/wp-content\\\/uploads\\\/2025\\\/11\\\/Blog-1.jpg\",\"datePublished\":\"2025-11-26T14:41:48+00:00\",\"dateModified\":\"2026-02-09T18:48:58+00:00\",\"author\":{\"@id\":\"https:\\\/\\\/museuweg.net\\\/blog\\\/#\\\/schema\\\/person\\\/335af7b18e8e13d0ea182a6959e3cd71\"},\"description\":\"Entenda de forma clara as consequ\u00eancias das mudan\u00e7as clim\u00e1ticas e como cada um de n\u00f3s pode agir para proteger sa\u00fade, economia e meio ambiente.\",\"breadcrumb\":{\"@id\":\"https:\\\/\\\/museuweg.net\\\/blog\\\/quais-sao-as-consequencias-das-mudancas-climaticas-veja-como-sera-o-calor-em-2026\\\/#breadcrumb\"},\"inLanguage\":\"pt-BR\",\"potentialAction\":[{\"@type\":\"ReadAction\",\"target\":[\"https:\\\/\\\/museuweg.net\\\/blog\\\/quais-sao-as-consequencias-das-mudancas-climaticas-veja-como-sera-o-calor-em-2026\\\/\"]}]},{\"@type\":\"ImageObject\",\"inLanguage\":\"pt-BR\",\"@id\":\"https:\\\/\\\/museuweg.net\\\/blog\\\/quais-sao-as-consequencias-das-mudancas-climaticas-veja-como-sera-o-calor-em-2026\\\/#primaryimage\",\"url\":\"https:\\\/\\\/museuweg.net\\\/blog\\\/wp-content\\\/uploads\\\/2025\\\/11\\\/Blog-1.jpg\",\"contentUrl\":\"https:\\\/\\\/museuweg.net\\\/blog\\\/wp-content\\\/uploads\\\/2025\\\/11\\\/Blog-1.jpg\",\"width\":1106,\"height\":400,\"caption\":\"Banner com imagem do Sol.\"},{\"@type\":\"BreadcrumbList\",\"@id\":\"https:\\\/\\\/museuweg.net\\\/blog\\\/quais-sao-as-consequencias-das-mudancas-climaticas-veja-como-sera-o-calor-em-2026\\\/#breadcrumb\",\"itemListElement\":[{\"@type\":\"ListItem\",\"position\":1,\"name\":\"In\u00edcio\",\"item\":\"https:\\\/\\\/museuweg.net\\\/blog\\\/\"},{\"@type\":\"ListItem\",\"position\":2,\"name\":\"Quais s\u00e3o as consequ\u00eancias das mudan\u00e7as clim\u00e1ticas? Veja como ser\u00e1 o calor em 2026\"}]},{\"@type\":\"WebSite\",\"@id\":\"https:\\\/\\\/museuweg.net\\\/blog\\\/#website\",\"url\":\"https:\\\/\\\/museuweg.net\\\/blog\\\/\",\"name\":\"Blog com Ci\u00eancia\",\"description\":\"Museu WEG de Ci\u00eancia e Tecnologia\",\"potentialAction\":[{\"@type\":\"SearchAction\",\"target\":{\"@type\":\"EntryPoint\",\"urlTemplate\":\"https:\\\/\\\/museuweg.net\\\/blog\\\/?s={search_term_string}\"},\"query-input\":{\"@type\":\"PropertyValueSpecification\",\"valueRequired\":true,\"valueName\":\"search_term_string\"}}],\"inLanguage\":\"pt-BR\"},{\"@type\":\"Person\",\"@id\":\"https:\\\/\\\/museuweg.net\\\/blog\\\/#\\\/schema\\\/person\\\/335af7b18e8e13d0ea182a6959e3cd71\",\"name\":\"TK Comunica\u00e7\u00e3o\",\"image\":{\"@type\":\"ImageObject\",\"inLanguage\":\"pt-BR\",\"@id\":\"https:\\\/\\\/secure.gravatar.com\\\/avatar\\\/ebfca77cb195b9e897fac15a333836ddc82752dc4be91c0f419de3d3daf543b4?s=96&d=mm&r=g\",\"url\":\"https:\\\/\\\/secure.gravatar.com\\\/avatar\\\/ebfca77cb195b9e897fac15a333836ddc82752dc4be91c0f419de3d3daf543b4?s=96&d=mm&r=g\",\"contentUrl\":\"https:\\\/\\\/secure.gravatar.com\\\/avatar\\\/ebfca77cb195b9e897fac15a333836ddc82752dc4be91c0f419de3d3daf543b4?s=96&d=mm&r=g\",\"caption\":\"TK Comunica\u00e7\u00e3o\"},\"url\":\"https:\\\/\\\/museuweg.net\\\/blog\\\/author\\\/tkcomunicacao\\\/\"}]}<\/script>\n<!-- \/ Yoast SEO plugin. -->","yoast_head_json":{"title":"Quais s\u00e3o as consequ\u00eancias das mudan\u00e7as clim\u00e1ticas? Veja como ser\u00e1 o calor em 2026 - Blog com Ci\u00eancia","description":"Entenda de forma clara as consequ\u00eancias das mudan\u00e7as clim\u00e1ticas e como cada um de n\u00f3s pode agir para proteger sa\u00fade, economia e meio ambiente.","robots":{"index":"index","follow":"follow","max-snippet":"max-snippet:-1","max-image-preview":"max-image-preview:large","max-video-preview":"max-video-preview:-1"},"canonical":"https:\/\/museuweg.net\/blog\/quais-sao-as-consequencias-das-mudancas-climaticas-veja-como-sera-o-calor-em-2026\/","og_locale":"pt_BR","og_type":"article","og_title":"Quais s\u00e3o as consequ\u00eancias das mudan\u00e7as clim\u00e1ticas? Veja como ser\u00e1 o calor em 2026 - Blog com Ci\u00eancia","og_description":"Entenda de forma clara as consequ\u00eancias das mudan\u00e7as clim\u00e1ticas e como cada um de n\u00f3s pode agir para proteger sa\u00fade, economia e meio ambiente.","og_url":"https:\/\/museuweg.net\/blog\/quais-sao-as-consequencias-das-mudancas-climaticas-veja-como-sera-o-calor-em-2026\/","og_site_name":"Blog com Ci\u00eancia","article_published_time":"2025-11-26T14:41:48+00:00","article_modified_time":"2026-02-09T18:48:58+00:00","og_image":[{"width":1106,"height":400,"url":"https:\/\/museuweg.net\/blog\/wp-content\/uploads\/2025\/11\/Blog-1.jpg","type":"image\/jpeg"}],"author":"TK Comunica\u00e7\u00e3o","twitter_card":"summary_large_image","twitter_misc":{"Escrito por":"TK Comunica\u00e7\u00e3o","Est. tempo de leitura":"10 minutos"},"schema":{"@context":"https:\/\/schema.org","@graph":[{"@type":"Article","@id":"https:\/\/museuweg.net\/blog\/quais-sao-as-consequencias-das-mudancas-climaticas-veja-como-sera-o-calor-em-2026\/#article","isPartOf":{"@id":"https:\/\/museuweg.net\/blog\/quais-sao-as-consequencias-das-mudancas-climaticas-veja-como-sera-o-calor-em-2026\/"},"author":{"name":"TK Comunica\u00e7\u00e3o","@id":"https:\/\/museuweg.net\/blog\/#\/schema\/person\/335af7b18e8e13d0ea182a6959e3cd71"},"headline":"Quais s\u00e3o as consequ\u00eancias das mudan\u00e7as clim\u00e1ticas? Veja como ser\u00e1 o calor em 2026","datePublished":"2025-11-26T14:41:48+00:00","dateModified":"2026-02-09T18:48:58+00:00","mainEntityOfPage":{"@id":"https:\/\/museuweg.net\/blog\/quais-sao-as-consequencias-das-mudancas-climaticas-veja-como-sera-o-calor-em-2026\/"},"wordCount":1761,"image":{"@id":"https:\/\/museuweg.net\/blog\/quais-sao-as-consequencias-das-mudancas-climaticas-veja-como-sera-o-calor-em-2026\/#primaryimage"},"thumbnailUrl":"https:\/\/museuweg.net\/blog\/wp-content\/uploads\/2025\/11\/Blog-1.jpg","keywords":["ci\u00eancia","curiosidades"],"articleSection":["Ci\u00eancia"],"inLanguage":"pt-BR"},{"@type":"WebPage","@id":"https:\/\/museuweg.net\/blog\/quais-sao-as-consequencias-das-mudancas-climaticas-veja-como-sera-o-calor-em-2026\/","url":"https:\/\/museuweg.net\/blog\/quais-sao-as-consequencias-das-mudancas-climaticas-veja-como-sera-o-calor-em-2026\/","name":"Quais s\u00e3o as consequ\u00eancias das mudan\u00e7as clim\u00e1ticas? Veja como ser\u00e1 o calor em 2026 - Blog com Ci\u00eancia","isPartOf":{"@id":"https:\/\/museuweg.net\/blog\/#website"},"primaryImageOfPage":{"@id":"https:\/\/museuweg.net\/blog\/quais-sao-as-consequencias-das-mudancas-climaticas-veja-como-sera-o-calor-em-2026\/#primaryimage"},"image":{"@id":"https:\/\/museuweg.net\/blog\/quais-sao-as-consequencias-das-mudancas-climaticas-veja-como-sera-o-calor-em-2026\/#primaryimage"},"thumbnailUrl":"https:\/\/museuweg.net\/blog\/wp-content\/uploads\/2025\/11\/Blog-1.jpg","datePublished":"2025-11-26T14:41:48+00:00","dateModified":"2026-02-09T18:48:58+00:00","author":{"@id":"https:\/\/museuweg.net\/blog\/#\/schema\/person\/335af7b18e8e13d0ea182a6959e3cd71"},"description":"Entenda de forma clara as consequ\u00eancias das mudan\u00e7as clim\u00e1ticas e como cada um de n\u00f3s pode agir para proteger sa\u00fade, economia e meio ambiente.","breadcrumb":{"@id":"https:\/\/museuweg.net\/blog\/quais-sao-as-consequencias-das-mudancas-climaticas-veja-como-sera-o-calor-em-2026\/#breadcrumb"},"inLanguage":"pt-BR","potentialAction":[{"@type":"ReadAction","target":["https:\/\/museuweg.net\/blog\/quais-sao-as-consequencias-das-mudancas-climaticas-veja-como-sera-o-calor-em-2026\/"]}]},{"@type":"ImageObject","inLanguage":"pt-BR","@id":"https:\/\/museuweg.net\/blog\/quais-sao-as-consequencias-das-mudancas-climaticas-veja-como-sera-o-calor-em-2026\/#primaryimage","url":"https:\/\/museuweg.net\/blog\/wp-content\/uploads\/2025\/11\/Blog-1.jpg","contentUrl":"https:\/\/museuweg.net\/blog\/wp-content\/uploads\/2025\/11\/Blog-1.jpg","width":1106,"height":400,"caption":"Banner com imagem do Sol."},{"@type":"BreadcrumbList","@id":"https:\/\/museuweg.net\/blog\/quais-sao-as-consequencias-das-mudancas-climaticas-veja-como-sera-o-calor-em-2026\/#breadcrumb","itemListElement":[{"@type":"ListItem","position":1,"name":"In\u00edcio","item":"https:\/\/museuweg.net\/blog\/"},{"@type":"ListItem","position":2,"name":"Quais s\u00e3o as consequ\u00eancias das mudan\u00e7as clim\u00e1ticas? Veja como ser\u00e1 o calor em 2026"}]},{"@type":"WebSite","@id":"https:\/\/museuweg.net\/blog\/#website","url":"https:\/\/museuweg.net\/blog\/","name":"Blog com Ci\u00eancia","description":"Museu WEG de Ci\u00eancia e Tecnologia","potentialAction":[{"@type":"SearchAction","target":{"@type":"EntryPoint","urlTemplate":"https:\/\/museuweg.net\/blog\/?s={search_term_string}"},"query-input":{"@type":"PropertyValueSpecification","valueRequired":true,"valueName":"search_term_string"}}],"inLanguage":"pt-BR"},{"@type":"Person","@id":"https:\/\/museuweg.net\/blog\/#\/schema\/person\/335af7b18e8e13d0ea182a6959e3cd71","name":"TK Comunica\u00e7\u00e3o","image":{"@type":"ImageObject","inLanguage":"pt-BR","@id":"https:\/\/secure.gravatar.com\/avatar\/ebfca77cb195b9e897fac15a333836ddc82752dc4be91c0f419de3d3daf543b4?s=96&d=mm&r=g","url":"https:\/\/secure.gravatar.com\/avatar\/ebfca77cb195b9e897fac15a333836ddc82752dc4be91c0f419de3d3daf543b4?s=96&d=mm&r=g","contentUrl":"https:\/\/secure.gravatar.com\/avatar\/ebfca77cb195b9e897fac15a333836ddc82752dc4be91c0f419de3d3daf543b4?s=96&d=mm&r=g","caption":"TK Comunica\u00e7\u00e3o"},"url":"https:\/\/museuweg.net\/blog\/author\/tkcomunicacao\/"}]}},"views":1246,"_links":{"self":[{"href":"https:\/\/museuweg.net\/blog\/wp-json\/wp\/v2\/posts\/3555","targetHints":{"allow":["GET"]}}],"collection":[{"href":"https:\/\/museuweg.net\/blog\/wp-json\/wp\/v2\/posts"}],"about":[{"href":"https:\/\/museuweg.net\/blog\/wp-json\/wp\/v2\/types\/post"}],"author":[{"embeddable":true,"href":"https:\/\/museuweg.net\/blog\/wp-json\/wp\/v2\/users\/4"}],"replies":[{"embeddable":true,"href":"https:\/\/museuweg.net\/blog\/wp-json\/wp\/v2\/comments?post=3555"}],"version-history":[{"count":1,"href":"https:\/\/museuweg.net\/blog\/wp-json\/wp\/v2\/posts\/3555\/revisions"}],"predecessor-version":[{"id":3560,"href":"https:\/\/museuweg.net\/blog\/wp-json\/wp\/v2\/posts\/3555\/revisions\/3560"}],"wp:featuredmedia":[{"embeddable":true,"href":"https:\/\/museuweg.net\/blog\/wp-json\/wp\/v2\/media\/3559"}],"wp:attachment":[{"href":"https:\/\/museuweg.net\/blog\/wp-json\/wp\/v2\/media?parent=3555"}],"wp:term":[{"taxonomy":"category","embeddable":true,"href":"https:\/\/museuweg.net\/blog\/wp-json\/wp\/v2\/categories?post=3555"},{"taxonomy":"post_tag","embeddable":true,"href":"https:\/\/museuweg.net\/blog\/wp-json\/wp\/v2\/tags?post=3555"}],"curies":[{"name":"wp","href":"https:\/\/api.w.org\/{rel}","templated":true}]}}