{"id":194,"date":"2015-09-10T16:19:50","date_gmt":"2015-09-10T19:19:50","guid":{"rendered":"https:\/\/museuweg.net\/blog\/?p=194"},"modified":"2026-02-09T15:38:46","modified_gmt":"2026-02-09T18:38:46","slug":"programacao-especial-de-aniversario","status":"publish","type":"post","link":"https:\/\/museuweg.net\/blog\/programacao-especial-de-aniversario\/","title":{"rendered":"Programa\u00e7\u00e3o especial de anivers\u00e1rio"},"content":{"rendered":"<p>Na pr\u00f3xima quarta-feira, 16 de setembro, O Museu WEG de Ci\u00eancia e Tecnologia comemora um ano de reabertura. Para marcar a data, o grupo Ba\u00fa de Ci\u00eancias, de Florian\u00f3polis, vai realizar uma a\u00e7\u00e3o educativa especial: crian\u00e7as e adultos ser\u00e3o desafiados a montar seu pr\u00f3prio motor el\u00e9trico, usando um kit simples composto de pilha, \u00edm\u00e3, alfinete e fio de cobre. A a\u00e7\u00e3o \u00e9 gratuita e acontecer\u00e1 em tr\u00eas hor\u00e1rios: 10h, 15h e 19h.<\/p>\n<p>Inaugurado originalmente em 2003, no pr\u00e9dio que abrigou a primeira f\u00e1brica da WEG, o Museu WEG passou por uma ampla reformula\u00e7\u00e3o, que incluiu a defini\u00e7\u00e3o do novo foco em ci\u00eancia e tecnologia e determinou uma reforma profunda das instala\u00e7\u00f5es e a renova\u00e7\u00e3o do acervo\u00a0e foi reinaugurado em 2014, j\u00e1 como Museu WEG de Ci\u00eancia e Tecnologia.<\/p>\n<p>Considerado um dos museus mais modernos, interativos e acess\u00edveis do pa\u00eds e refer\u00eancia entre os museus de ci\u00eancia e tecnologia do Brasil, o Museu WEG de Ci\u00eancia e Tecnologia j\u00e1 registrou mais de mais de 135 mil visitantes de todo o mundo desde 2003, sendo 15 mil neste \u00faltimo ano ap\u00f3s a reforma e reabertura.<\/p>\n<p>O Museu WEG de Ci\u00eancia e Tecnologia fica aberto de ter\u00e7a a domingo, das 10 \u00e0s 18h. Com entrada gratuita, o espa\u00e7o recebe grupos de estudantes, que participam de a\u00e7\u00f5es educativas especialmente desenvolvidas para cada turma, al\u00e9m de clientes e turistas de neg\u00f3cios que visitam as empresas da regi\u00e3o. No final de semana, o perfil do visitante muda e o museu \u00e9 tomado por fam\u00edlias. Domingo \u00e9 o dia da semana com maior visita\u00e7\u00e3o.<\/p>\n<p><strong>Sobre o Grupo Ba\u00fa de Ci\u00eancias: <\/strong><\/p>\n<p>O Ba\u00fa de Ci\u00eancias nasceu na UFSC \u2013 Universidade Federal de Santa Catarina, com o objetivo de<strong>\u00a0<\/strong>estimular pessoas a refletirem sobre o mundo utilizando as ci\u00eancias como ferramenta.<\/p>\n<p>Hoje o grupo atua na forma\u00e7\u00e3o de professores, cursos e oficinas em escolas e na produ\u00e7\u00e3o, concep\u00e7\u00e3o e realiza\u00e7\u00e3o de exposi\u00e7\u00f5es interativas e digitais.<\/p>\n<p>&nbsp;<\/p>\n","protected":false},"excerpt":{"rendered":"<p> Em um ano, mais de 15 mil pessoas j\u00e1 conheceram o museu. No dia do anivers\u00e1rio visitantes ser\u00e3o desafiados a construir um motor el\u00e9trico. <\/p>\n","protected":false},"author":2,"featured_media":217,"comment_status":"closed","ping_status":"open","sticky":false,"template":"","format":"standard","meta":{"footnotes":""},"categories":[2,4,21],"tags":[36,22],"class_list":["post-194","post","type-post","status-publish","format-standard","has-post-thumbnail","hentry","category-ciencia-2","category-weg","category-tecnologia-2","tag-aniversario","tag-museu-weg"],"yoast_head":"<!-- This site is optimized with the Yoast SEO plugin v27.4 - https:\/\/yoast.com\/product\/yoast-seo-wordpress\/ -->\n<title>Programa\u00e7\u00e3o especial de anivers\u00e1rio - Blog com Ci\u00eancia<\/title>\n<meta name=\"robots\" content=\"index, follow, max-snippet:-1, max-image-preview:large, max-video-preview:-1\" \/>\n<link rel=\"canonical\" href=\"https:\/\/museuweg.net\/blog\/programacao-especial-de-aniversario\/\" \/>\n<meta property=\"og:locale\" content=\"pt_BR\" \/>\n<meta property=\"og:type\" content=\"article\" \/>\n<meta property=\"og:title\" content=\"Programa\u00e7\u00e3o especial de anivers\u00e1rio - Blog com Ci\u00eancia\" \/>\n<meta property=\"og:description\" content=\"Em um ano, mais de 15 mil pessoas j\u00e1 conheceram o museu. No dia do anivers\u00e1rio visitantes ser\u00e3o desafiados a construir um motor el\u00e9trico.\" \/>\n<meta property=\"og:url\" content=\"https:\/\/museuweg.net\/blog\/programacao-especial-de-aniversario\/\" \/>\n<meta property=\"og:site_name\" content=\"Blog com Ci\u00eancia\" \/>\n<meta property=\"article:published_time\" content=\"2015-09-10T19:19:50+00:00\" \/>\n<meta property=\"article:modified_time\" content=\"2026-02-09T18:38:46+00:00\" \/>\n<meta property=\"og:image\" content=\"https:\/\/museuweg.net\/blog\/wp-content\/uploads\/2015\/09\/museu-weg.jpg\" \/>\n\t<meta property=\"og:image:width\" content=\"800\" \/>\n\t<meta property=\"og:image:height\" content=\"600\" \/>\n\t<meta property=\"og:image:type\" content=\"image\/jpeg\" \/>\n<meta name=\"author\" content=\"Museu Weg\" \/>\n<meta name=\"twitter:card\" content=\"summary_large_image\" \/>\n<meta name=\"twitter:label1\" content=\"Escrito por\" \/>\n\t<meta name=\"twitter:data1\" content=\"Museu Weg\" \/>\n\t<meta name=\"twitter:label2\" content=\"Est. tempo de leitura\" \/>\n\t<meta name=\"twitter:data2\" content=\"2 minutos\" \/>\n<script type=\"application\/ld+json\" class=\"yoast-schema-graph\">{\"@context\":\"https:\\\/\\\/schema.org\",\"@graph\":[{\"@type\":\"Article\",\"@id\":\"https:\\\/\\\/museuweg.net\\\/blog\\\/programacao-especial-de-aniversario\\\/#article\",\"isPartOf\":{\"@id\":\"https:\\\/\\\/museuweg.net\\\/blog\\\/programacao-especial-de-aniversario\\\/\"},\"author\":{\"name\":\"Museu Weg\",\"@id\":\"https:\\\/\\\/museuweg.net\\\/blog\\\/#\\\/schema\\\/person\\\/21cde07ddc30310fb8516d3815e8ee16\"},\"headline\":\"Programa\u00e7\u00e3o especial de anivers\u00e1rio\",\"datePublished\":\"2015-09-10T19:19:50+00:00\",\"dateModified\":\"2026-02-09T18:38:46+00:00\",\"mainEntityOfPage\":{\"@id\":\"https:\\\/\\\/museuweg.net\\\/blog\\\/programacao-especial-de-aniversario\\\/\"},\"wordCount\":356,\"image\":{\"@id\":\"https:\\\/\\\/museuweg.net\\\/blog\\\/programacao-especial-de-aniversario\\\/#primaryimage\"},\"thumbnailUrl\":\"https:\\\/\\\/museuweg.net\\\/blog\\\/wp-content\\\/uploads\\\/2015\\\/09\\\/museu-weg.jpg\",\"keywords\":[\"anivers\u00e1rio\",\"museu weg\"],\"articleSection\":[\"Ci\u00eancia\",\"Museu WEG\",\"Tecnologia\"],\"inLanguage\":\"pt-BR\"},{\"@type\":\"WebPage\",\"@id\":\"https:\\\/\\\/museuweg.net\\\/blog\\\/programacao-especial-de-aniversario\\\/\",\"url\":\"https:\\\/\\\/museuweg.net\\\/blog\\\/programacao-especial-de-aniversario\\\/\",\"name\":\"Programa\u00e7\u00e3o especial de anivers\u00e1rio - Blog com Ci\u00eancia\",\"isPartOf\":{\"@id\":\"https:\\\/\\\/museuweg.net\\\/blog\\\/#website\"},\"primaryImageOfPage\":{\"@id\":\"https:\\\/\\\/museuweg.net\\\/blog\\\/programacao-especial-de-aniversario\\\/#primaryimage\"},\"image\":{\"@id\":\"https:\\\/\\\/museuweg.net\\\/blog\\\/programacao-especial-de-aniversario\\\/#primaryimage\"},\"thumbnailUrl\":\"https:\\\/\\\/museuweg.net\\\/blog\\\/wp-content\\\/uploads\\\/2015\\\/09\\\/museu-weg.jpg\",\"datePublished\":\"2015-09-10T19:19:50+00:00\",\"dateModified\":\"2026-02-09T18:38:46+00:00\",\"author\":{\"@id\":\"https:\\\/\\\/museuweg.net\\\/blog\\\/#\\\/schema\\\/person\\\/21cde07ddc30310fb8516d3815e8ee16\"},\"breadcrumb\":{\"@id\":\"https:\\\/\\\/museuweg.net\\\/blog\\\/programacao-especial-de-aniversario\\\/#breadcrumb\"},\"inLanguage\":\"pt-BR\",\"potentialAction\":[{\"@type\":\"ReadAction\",\"target\":[\"https:\\\/\\\/museuweg.net\\\/blog\\\/programacao-especial-de-aniversario\\\/\"]}]},{\"@type\":\"ImageObject\",\"inLanguage\":\"pt-BR\",\"@id\":\"https:\\\/\\\/museuweg.net\\\/blog\\\/programacao-especial-de-aniversario\\\/#primaryimage\",\"url\":\"https:\\\/\\\/museuweg.net\\\/blog\\\/wp-content\\\/uploads\\\/2015\\\/09\\\/museu-weg.jpg\",\"contentUrl\":\"https:\\\/\\\/museuweg.net\\\/blog\\\/wp-content\\\/uploads\\\/2015\\\/09\\\/museu-weg.jpg\",\"width\":800,\"height\":600},{\"@type\":\"BreadcrumbList\",\"@id\":\"https:\\\/\\\/museuweg.net\\\/blog\\\/programacao-especial-de-aniversario\\\/#breadcrumb\",\"itemListElement\":[{\"@type\":\"ListItem\",\"position\":1,\"name\":\"In\u00edcio\",\"item\":\"https:\\\/\\\/museuweg.net\\\/blog\\\/\"},{\"@type\":\"ListItem\",\"position\":2,\"name\":\"Programa\u00e7\u00e3o especial de anivers\u00e1rio\"}]},{\"@type\":\"WebSite\",\"@id\":\"https:\\\/\\\/museuweg.net\\\/blog\\\/#website\",\"url\":\"https:\\\/\\\/museuweg.net\\\/blog\\\/\",\"name\":\"Blog com Ci\u00eancia\",\"description\":\"Museu WEG de Ci\u00eancia e Tecnologia\",\"potentialAction\":[{\"@type\":\"SearchAction\",\"target\":{\"@type\":\"EntryPoint\",\"urlTemplate\":\"https:\\\/\\\/museuweg.net\\\/blog\\\/?s={search_term_string}\"},\"query-input\":{\"@type\":\"PropertyValueSpecification\",\"valueRequired\":true,\"valueName\":\"search_term_string\"}}],\"inLanguage\":\"pt-BR\"},{\"@type\":\"Person\",\"@id\":\"https:\\\/\\\/museuweg.net\\\/blog\\\/#\\\/schema\\\/person\\\/21cde07ddc30310fb8516d3815e8ee16\",\"name\":\"Museu Weg\",\"image\":{\"@type\":\"ImageObject\",\"inLanguage\":\"pt-BR\",\"@id\":\"https:\\\/\\\/secure.gravatar.com\\\/avatar\\\/9201111541af19b95b9c4fd2e3579e233d1a1c493e9ab1ec2927b2666f0fceec?s=96&d=mm&r=g\",\"url\":\"https:\\\/\\\/secure.gravatar.com\\\/avatar\\\/9201111541af19b95b9c4fd2e3579e233d1a1c493e9ab1ec2927b2666f0fceec?s=96&d=mm&r=g\",\"contentUrl\":\"https:\\\/\\\/secure.gravatar.com\\\/avatar\\\/9201111541af19b95b9c4fd2e3579e233d1a1c493e9ab1ec2927b2666f0fceec?s=96&d=mm&r=g\",\"caption\":\"Museu Weg\"},\"sameAs\":[\"http:\\\/\\\/museuweg.net\"],\"url\":\"https:\\\/\\\/museuweg.net\\\/blog\\\/author\\\/museuweg\\\/\"}]}<\/script>\n<!-- \/ Yoast SEO plugin. -->","yoast_head_json":{"title":"Programa\u00e7\u00e3o especial de anivers\u00e1rio - Blog com Ci\u00eancia","robots":{"index":"index","follow":"follow","max-snippet":"max-snippet:-1","max-image-preview":"max-image-preview:large","max-video-preview":"max-video-preview:-1"},"canonical":"https:\/\/museuweg.net\/blog\/programacao-especial-de-aniversario\/","og_locale":"pt_BR","og_type":"article","og_title":"Programa\u00e7\u00e3o especial de anivers\u00e1rio - Blog com Ci\u00eancia","og_description":"Em um ano, mais de 15 mil pessoas j\u00e1 conheceram o museu. No dia do anivers\u00e1rio visitantes ser\u00e3o desafiados a construir um motor el\u00e9trico.","og_url":"https:\/\/museuweg.net\/blog\/programacao-especial-de-aniversario\/","og_site_name":"Blog com Ci\u00eancia","article_published_time":"2015-09-10T19:19:50+00:00","article_modified_time":"2026-02-09T18:38:46+00:00","og_image":[{"width":800,"height":600,"url":"https:\/\/museuweg.net\/blog\/wp-content\/uploads\/2015\/09\/museu-weg.jpg","type":"image\/jpeg"}],"author":"Museu Weg","twitter_card":"summary_large_image","twitter_misc":{"Escrito por":"Museu Weg","Est. tempo de leitura":"2 minutos"},"schema":{"@context":"https:\/\/schema.org","@graph":[{"@type":"Article","@id":"https:\/\/museuweg.net\/blog\/programacao-especial-de-aniversario\/#article","isPartOf":{"@id":"https:\/\/museuweg.net\/blog\/programacao-especial-de-aniversario\/"},"author":{"name":"Museu Weg","@id":"https:\/\/museuweg.net\/blog\/#\/schema\/person\/21cde07ddc30310fb8516d3815e8ee16"},"headline":"Programa\u00e7\u00e3o especial de anivers\u00e1rio","datePublished":"2015-09-10T19:19:50+00:00","dateModified":"2026-02-09T18:38:46+00:00","mainEntityOfPage":{"@id":"https:\/\/museuweg.net\/blog\/programacao-especial-de-aniversario\/"},"wordCount":356,"image":{"@id":"https:\/\/museuweg.net\/blog\/programacao-especial-de-aniversario\/#primaryimage"},"thumbnailUrl":"https:\/\/museuweg.net\/blog\/wp-content\/uploads\/2015\/09\/museu-weg.jpg","keywords":["anivers\u00e1rio","museu weg"],"articleSection":["Ci\u00eancia","Museu WEG","Tecnologia"],"inLanguage":"pt-BR"},{"@type":"WebPage","@id":"https:\/\/museuweg.net\/blog\/programacao-especial-de-aniversario\/","url":"https:\/\/museuweg.net\/blog\/programacao-especial-de-aniversario\/","name":"Programa\u00e7\u00e3o especial de anivers\u00e1rio - Blog com Ci\u00eancia","isPartOf":{"@id":"https:\/\/museuweg.net\/blog\/#website"},"primaryImageOfPage":{"@id":"https:\/\/museuweg.net\/blog\/programacao-especial-de-aniversario\/#primaryimage"},"image":{"@id":"https:\/\/museuweg.net\/blog\/programacao-especial-de-aniversario\/#primaryimage"},"thumbnailUrl":"https:\/\/museuweg.net\/blog\/wp-content\/uploads\/2015\/09\/museu-weg.jpg","datePublished":"2015-09-10T19:19:50+00:00","dateModified":"2026-02-09T18:38:46+00:00","author":{"@id":"https:\/\/museuweg.net\/blog\/#\/schema\/person\/21cde07ddc30310fb8516d3815e8ee16"},"breadcrumb":{"@id":"https:\/\/museuweg.net\/blog\/programacao-especial-de-aniversario\/#breadcrumb"},"inLanguage":"pt-BR","potentialAction":[{"@type":"ReadAction","target":["https:\/\/museuweg.net\/blog\/programacao-especial-de-aniversario\/"]}]},{"@type":"ImageObject","inLanguage":"pt-BR","@id":"https:\/\/museuweg.net\/blog\/programacao-especial-de-aniversario\/#primaryimage","url":"https:\/\/museuweg.net\/blog\/wp-content\/uploads\/2015\/09\/museu-weg.jpg","contentUrl":"https:\/\/museuweg.net\/blog\/wp-content\/uploads\/2015\/09\/museu-weg.jpg","width":800,"height":600},{"@type":"BreadcrumbList","@id":"https:\/\/museuweg.net\/blog\/programacao-especial-de-aniversario\/#breadcrumb","itemListElement":[{"@type":"ListItem","position":1,"name":"In\u00edcio","item":"https:\/\/museuweg.net\/blog\/"},{"@type":"ListItem","position":2,"name":"Programa\u00e7\u00e3o especial de anivers\u00e1rio"}]},{"@type":"WebSite","@id":"https:\/\/museuweg.net\/blog\/#website","url":"https:\/\/museuweg.net\/blog\/","name":"Blog com Ci\u00eancia","description":"Museu WEG de Ci\u00eancia e Tecnologia","potentialAction":[{"@type":"SearchAction","target":{"@type":"EntryPoint","urlTemplate":"https:\/\/museuweg.net\/blog\/?s={search_term_string}"},"query-input":{"@type":"PropertyValueSpecification","valueRequired":true,"valueName":"search_term_string"}}],"inLanguage":"pt-BR"},{"@type":"Person","@id":"https:\/\/museuweg.net\/blog\/#\/schema\/person\/21cde07ddc30310fb8516d3815e8ee16","name":"Museu Weg","image":{"@type":"ImageObject","inLanguage":"pt-BR","@id":"https:\/\/secure.gravatar.com\/avatar\/9201111541af19b95b9c4fd2e3579e233d1a1c493e9ab1ec2927b2666f0fceec?s=96&d=mm&r=g","url":"https:\/\/secure.gravatar.com\/avatar\/9201111541af19b95b9c4fd2e3579e233d1a1c493e9ab1ec2927b2666f0fceec?s=96&d=mm&r=g","contentUrl":"https:\/\/secure.gravatar.com\/avatar\/9201111541af19b95b9c4fd2e3579e233d1a1c493e9ab1ec2927b2666f0fceec?s=96&d=mm&r=g","caption":"Museu Weg"},"sameAs":["http:\/\/museuweg.net"],"url":"https:\/\/museuweg.net\/blog\/author\/museuweg\/"}]}},"views":4828,"_links":{"self":[{"href":"https:\/\/museuweg.net\/blog\/wp-json\/wp\/v2\/posts\/194","targetHints":{"allow":["GET"]}}],"collection":[{"href":"https:\/\/museuweg.net\/blog\/wp-json\/wp\/v2\/posts"}],"about":[{"href":"https:\/\/museuweg.net\/blog\/wp-json\/wp\/v2\/types\/post"}],"author":[{"embeddable":true,"href":"https:\/\/museuweg.net\/blog\/wp-json\/wp\/v2\/users\/2"}],"replies":[{"embeddable":true,"href":"https:\/\/museuweg.net\/blog\/wp-json\/wp\/v2\/comments?post=194"}],"version-history":[{"count":4,"href":"https:\/\/museuweg.net\/blog\/wp-json\/wp\/v2\/posts\/194\/revisions"}],"predecessor-version":[{"id":214,"href":"https:\/\/museuweg.net\/blog\/wp-json\/wp\/v2\/posts\/194\/revisions\/214"}],"wp:featuredmedia":[{"embeddable":true,"href":"https:\/\/museuweg.net\/blog\/wp-json\/wp\/v2\/media\/217"}],"wp:attachment":[{"href":"https:\/\/museuweg.net\/blog\/wp-json\/wp\/v2\/media?parent=194"}],"wp:term":[{"taxonomy":"category","embeddable":true,"href":"https:\/\/museuweg.net\/blog\/wp-json\/wp\/v2\/categories?post=194"},{"taxonomy":"post_tag","embeddable":true,"href":"https:\/\/museuweg.net\/blog\/wp-json\/wp\/v2\/tags?post=194"}],"curies":[{"name":"wp","href":"https:\/\/api.w.org\/{rel}","templated":true}]}}