{"id":15,"date":"2014-09-12T20:01:44","date_gmt":"2014-09-12T23:01:44","guid":{"rendered":"http:\/\/www.museuweg.net\/blog\/?p=15"},"modified":"2026-02-09T15:38:46","modified_gmt":"2026-02-09T18:38:46","slug":"museu-weg-e-referencia-em-acessibilidade","status":"publish","type":"post","link":"https:\/\/museuweg.net\/blog\/museu-weg-e-referencia-em-acessibilidade\/","title":{"rendered":"Museu WEG \u00e9 refer\u00eancia em acessibilidade"},"content":{"rendered":"<p>Segundo <strong>Amanda Tojal<\/strong>, muse\u00f3loga e consultora em acessibilidade e a\u00e7\u00e3o educativa inclusiva em museus e institui\u00e7\u00f5es culturais, o <strong>Museu WEG de Ci\u00eancia e Tecnologia<\/strong> est\u00e1 entre os museus com mais acessibilidade do Brasil. Al\u00e9m de <strong>elevador<\/strong>, <strong>piso t\u00e1til<\/strong>, <strong>maquete t\u00e1til<\/strong>, motor em resina para montar e desmontar, acesso para cadeirantes, a estrutura tem uma equipe totalmente preparada para receber visitantes com necessidades especiais.<\/p>\n<div id=\"attachment_29\" style=\"width: 1110px\" class=\"wp-caption alignnone\"><a href=\"http:\/\/www.museuweg.net\/blog\/wp-content\/uploads\/2014\/09\/acessibilidade-museu-weg.jpg\"><img loading=\"lazy\" decoding=\"async\" aria-describedby=\"caption-attachment-29\" class=\"wp-image-29 size-full\" title=\"Motor e maquete t\u00e1til do acervo Museu WEG de Ci\u00eancia e Tecnologia\" src=\"http:\/\/www.museuweg.net\/blog\/wp-content\/uploads\/2014\/09\/acessibilidade-museu-weg.jpg\" alt=\"acessibilidade museu weg\" width=\"1100\" height=\"322\" srcset=\"https:\/\/museuweg.net\/blog\/wp-content\/uploads\/2014\/09\/acessibilidade-museu-weg.jpg 1100w, https:\/\/museuweg.net\/blog\/wp-content\/uploads\/2014\/09\/acessibilidade-museu-weg-300x87.jpg 300w\" sizes=\"auto, (max-width: 1100px) 100vw, 1100px\" \/><\/a><p id=\"caption-attachment-29\" class=\"wp-caption-text\">Motor e maquete t\u00e1til do acervo Museu WEG de Ci\u00eancia e Tecnologia<\/p><\/div>\n","protected":false},"excerpt":{"rendered":"<p>Acesso a cadeirantes, piso t\u00e1til e elevador. Adequa\u00e7\u00f5es no projeto e estrutura d\u00e3o mais acessibilidade aos recursos apresentados no museu.<\/p>\n","protected":false},"author":1,"featured_media":18,"comment_status":"closed","ping_status":"open","sticky":false,"template":"","format":"standard","meta":{"footnotes":""},"categories":[4],"tags":[15,24,22],"class_list":["post-15","post","type-post","status-publish","format-standard","has-post-thumbnail","hentry","category-weg","tag-acessibilidade","tag-amanda-tojal","tag-museu-weg"],"yoast_head":"<!-- This site is optimized with the Yoast SEO plugin v27.4 - https:\/\/yoast.com\/product\/yoast-seo-wordpress\/ -->\n<title>Museu WEG \u00e9 refer\u00eancia em acessibilidade - Blog com Ci\u00eancia<\/title>\n<meta name=\"robots\" content=\"index, follow, max-snippet:-1, max-image-preview:large, max-video-preview:-1\" \/>\n<link rel=\"canonical\" href=\"https:\/\/museuweg.net\/blog\/museu-weg-e-referencia-em-acessibilidade\/\" \/>\n<meta property=\"og:locale\" content=\"pt_BR\" \/>\n<meta property=\"og:type\" content=\"article\" \/>\n<meta property=\"og:title\" content=\"Museu WEG \u00e9 refer\u00eancia em acessibilidade - Blog com Ci\u00eancia\" \/>\n<meta property=\"og:description\" content=\"Acesso a cadeirantes, piso t\u00e1til e elevador. Adequa\u00e7\u00f5es no projeto e estrutura d\u00e3o mais acessibilidade aos recursos apresentados no museu.\" \/>\n<meta property=\"og:url\" content=\"https:\/\/museuweg.net\/blog\/museu-weg-e-referencia-em-acessibilidade\/\" \/>\n<meta property=\"og:site_name\" content=\"Blog com Ci\u00eancia\" \/>\n<meta property=\"article:published_time\" content=\"2014-09-12T23:01:44+00:00\" \/>\n<meta property=\"article:modified_time\" content=\"2026-02-09T18:38:46+00:00\" \/>\n<meta property=\"og:image\" content=\"https:\/\/museuweg.net\/blog\/wp-content\/uploads\/2014\/09\/Maquete-t\u00e1til-museu.jpg\" \/>\n\t<meta property=\"og:image:width\" content=\"1100\" \/>\n\t<meta property=\"og:image:height\" content=\"505\" \/>\n\t<meta property=\"og:image:type\" content=\"image\/jpeg\" \/>\n<meta name=\"author\" content=\"admin\" \/>\n<meta name=\"twitter:card\" content=\"summary_large_image\" \/>\n<meta name=\"twitter:label1\" content=\"Escrito por\" \/>\n\t<meta name=\"twitter:data1\" content=\"admin\" \/>\n<script type=\"application\/ld+json\" class=\"yoast-schema-graph\">{\"@context\":\"https:\\\/\\\/schema.org\",\"@graph\":[{\"@type\":\"Article\",\"@id\":\"https:\\\/\\\/museuweg.net\\\/blog\\\/museu-weg-e-referencia-em-acessibilidade\\\/#article\",\"isPartOf\":{\"@id\":\"https:\\\/\\\/museuweg.net\\\/blog\\\/museu-weg-e-referencia-em-acessibilidade\\\/\"},\"author\":{\"name\":\"admin\",\"@id\":\"https:\\\/\\\/museuweg.net\\\/blog\\\/#\\\/schema\\\/person\\\/6d1ec17102406909e0c81238beecfdf7\"},\"headline\":\"Museu WEG \u00e9 refer\u00eancia em acessibilidade\",\"datePublished\":\"2014-09-12T23:01:44+00:00\",\"dateModified\":\"2026-02-09T18:38:46+00:00\",\"mainEntityOfPage\":{\"@id\":\"https:\\\/\\\/museuweg.net\\\/blog\\\/museu-weg-e-referencia-em-acessibilidade\\\/\"},\"wordCount\":97,\"image\":{\"@id\":\"https:\\\/\\\/museuweg.net\\\/blog\\\/museu-weg-e-referencia-em-acessibilidade\\\/#primaryimage\"},\"thumbnailUrl\":\"https:\\\/\\\/museuweg.net\\\/blog\\\/wp-content\\\/uploads\\\/2014\\\/09\\\/Maquete-t\u00e1til-museu.jpg\",\"keywords\":[\"acessibilidade\",\"Amanda Tojal\",\"museu weg\"],\"articleSection\":[\"Museu WEG\"],\"inLanguage\":\"pt-BR\"},{\"@type\":\"WebPage\",\"@id\":\"https:\\\/\\\/museuweg.net\\\/blog\\\/museu-weg-e-referencia-em-acessibilidade\\\/\",\"url\":\"https:\\\/\\\/museuweg.net\\\/blog\\\/museu-weg-e-referencia-em-acessibilidade\\\/\",\"name\":\"Museu WEG \u00e9 refer\u00eancia em acessibilidade - Blog com Ci\u00eancia\",\"isPartOf\":{\"@id\":\"https:\\\/\\\/museuweg.net\\\/blog\\\/#website\"},\"primaryImageOfPage\":{\"@id\":\"https:\\\/\\\/museuweg.net\\\/blog\\\/museu-weg-e-referencia-em-acessibilidade\\\/#primaryimage\"},\"image\":{\"@id\":\"https:\\\/\\\/museuweg.net\\\/blog\\\/museu-weg-e-referencia-em-acessibilidade\\\/#primaryimage\"},\"thumbnailUrl\":\"https:\\\/\\\/museuweg.net\\\/blog\\\/wp-content\\\/uploads\\\/2014\\\/09\\\/Maquete-t\u00e1til-museu.jpg\",\"datePublished\":\"2014-09-12T23:01:44+00:00\",\"dateModified\":\"2026-02-09T18:38:46+00:00\",\"author\":{\"@id\":\"https:\\\/\\\/museuweg.net\\\/blog\\\/#\\\/schema\\\/person\\\/6d1ec17102406909e0c81238beecfdf7\"},\"breadcrumb\":{\"@id\":\"https:\\\/\\\/museuweg.net\\\/blog\\\/museu-weg-e-referencia-em-acessibilidade\\\/#breadcrumb\"},\"inLanguage\":\"pt-BR\",\"potentialAction\":[{\"@type\":\"ReadAction\",\"target\":[\"https:\\\/\\\/museuweg.net\\\/blog\\\/museu-weg-e-referencia-em-acessibilidade\\\/\"]}]},{\"@type\":\"ImageObject\",\"inLanguage\":\"pt-BR\",\"@id\":\"https:\\\/\\\/museuweg.net\\\/blog\\\/museu-weg-e-referencia-em-acessibilidade\\\/#primaryimage\",\"url\":\"https:\\\/\\\/museuweg.net\\\/blog\\\/wp-content\\\/uploads\\\/2014\\\/09\\\/Maquete-t\u00e1til-museu.jpg\",\"contentUrl\":\"https:\\\/\\\/museuweg.net\\\/blog\\\/wp-content\\\/uploads\\\/2014\\\/09\\\/Maquete-t\u00e1til-museu.jpg\",\"width\":1100,\"height\":505},{\"@type\":\"BreadcrumbList\",\"@id\":\"https:\\\/\\\/museuweg.net\\\/blog\\\/museu-weg-e-referencia-em-acessibilidade\\\/#breadcrumb\",\"itemListElement\":[{\"@type\":\"ListItem\",\"position\":1,\"name\":\"In\u00edcio\",\"item\":\"https:\\\/\\\/museuweg.net\\\/blog\\\/\"},{\"@type\":\"ListItem\",\"position\":2,\"name\":\"Museu WEG \u00e9 refer\u00eancia em acessibilidade\"}]},{\"@type\":\"WebSite\",\"@id\":\"https:\\\/\\\/museuweg.net\\\/blog\\\/#website\",\"url\":\"https:\\\/\\\/museuweg.net\\\/blog\\\/\",\"name\":\"Blog com Ci\u00eancia\",\"description\":\"Museu WEG de Ci\u00eancia e Tecnologia\",\"potentialAction\":[{\"@type\":\"SearchAction\",\"target\":{\"@type\":\"EntryPoint\",\"urlTemplate\":\"https:\\\/\\\/museuweg.net\\\/blog\\\/?s={search_term_string}\"},\"query-input\":{\"@type\":\"PropertyValueSpecification\",\"valueRequired\":true,\"valueName\":\"search_term_string\"}}],\"inLanguage\":\"pt-BR\"},{\"@type\":\"Person\",\"@id\":\"https:\\\/\\\/museuweg.net\\\/blog\\\/#\\\/schema\\\/person\\\/6d1ec17102406909e0c81238beecfdf7\",\"name\":\"admin\",\"image\":{\"@type\":\"ImageObject\",\"inLanguage\":\"pt-BR\",\"@id\":\"https:\\\/\\\/secure.gravatar.com\\\/avatar\\\/d8bb1be59748e98bbc178211fbd43ddd8350c39202621fcb70cd96ee344b3744?s=96&d=mm&r=g\",\"url\":\"https:\\\/\\\/secure.gravatar.com\\\/avatar\\\/d8bb1be59748e98bbc178211fbd43ddd8350c39202621fcb70cd96ee344b3744?s=96&d=mm&r=g\",\"contentUrl\":\"https:\\\/\\\/secure.gravatar.com\\\/avatar\\\/d8bb1be59748e98bbc178211fbd43ddd8350c39202621fcb70cd96ee344b3744?s=96&d=mm&r=g\",\"caption\":\"admin\"},\"sameAs\":[\"http:\\\/\\\/www.publicodigital.com.br\"],\"url\":\"https:\\\/\\\/museuweg.net\\\/blog\\\/author\\\/admin\\\/\"}]}<\/script>\n<!-- \/ Yoast SEO plugin. -->","yoast_head_json":{"title":"Museu WEG \u00e9 refer\u00eancia em acessibilidade - Blog com Ci\u00eancia","robots":{"index":"index","follow":"follow","max-snippet":"max-snippet:-1","max-image-preview":"max-image-preview:large","max-video-preview":"max-video-preview:-1"},"canonical":"https:\/\/museuweg.net\/blog\/museu-weg-e-referencia-em-acessibilidade\/","og_locale":"pt_BR","og_type":"article","og_title":"Museu WEG \u00e9 refer\u00eancia em acessibilidade - Blog com Ci\u00eancia","og_description":"Acesso a cadeirantes, piso t\u00e1til e elevador. Adequa\u00e7\u00f5es no projeto e estrutura d\u00e3o mais acessibilidade aos recursos apresentados no museu.","og_url":"https:\/\/museuweg.net\/blog\/museu-weg-e-referencia-em-acessibilidade\/","og_site_name":"Blog com Ci\u00eancia","article_published_time":"2014-09-12T23:01:44+00:00","article_modified_time":"2026-02-09T18:38:46+00:00","og_image":[{"width":1100,"height":505,"url":"https:\/\/museuweg.net\/blog\/wp-content\/uploads\/2014\/09\/Maquete-t\u00e1til-museu.jpg","type":"image\/jpeg"}],"author":"admin","twitter_card":"summary_large_image","twitter_misc":{"Escrito por":"admin"},"schema":{"@context":"https:\/\/schema.org","@graph":[{"@type":"Article","@id":"https:\/\/museuweg.net\/blog\/museu-weg-e-referencia-em-acessibilidade\/#article","isPartOf":{"@id":"https:\/\/museuweg.net\/blog\/museu-weg-e-referencia-em-acessibilidade\/"},"author":{"name":"admin","@id":"https:\/\/museuweg.net\/blog\/#\/schema\/person\/6d1ec17102406909e0c81238beecfdf7"},"headline":"Museu WEG \u00e9 refer\u00eancia em acessibilidade","datePublished":"2014-09-12T23:01:44+00:00","dateModified":"2026-02-09T18:38:46+00:00","mainEntityOfPage":{"@id":"https:\/\/museuweg.net\/blog\/museu-weg-e-referencia-em-acessibilidade\/"},"wordCount":97,"image":{"@id":"https:\/\/museuweg.net\/blog\/museu-weg-e-referencia-em-acessibilidade\/#primaryimage"},"thumbnailUrl":"https:\/\/museuweg.net\/blog\/wp-content\/uploads\/2014\/09\/Maquete-t\u00e1til-museu.jpg","keywords":["acessibilidade","Amanda Tojal","museu weg"],"articleSection":["Museu WEG"],"inLanguage":"pt-BR"},{"@type":"WebPage","@id":"https:\/\/museuweg.net\/blog\/museu-weg-e-referencia-em-acessibilidade\/","url":"https:\/\/museuweg.net\/blog\/museu-weg-e-referencia-em-acessibilidade\/","name":"Museu WEG \u00e9 refer\u00eancia em acessibilidade - Blog com Ci\u00eancia","isPartOf":{"@id":"https:\/\/museuweg.net\/blog\/#website"},"primaryImageOfPage":{"@id":"https:\/\/museuweg.net\/blog\/museu-weg-e-referencia-em-acessibilidade\/#primaryimage"},"image":{"@id":"https:\/\/museuweg.net\/blog\/museu-weg-e-referencia-em-acessibilidade\/#primaryimage"},"thumbnailUrl":"https:\/\/museuweg.net\/blog\/wp-content\/uploads\/2014\/09\/Maquete-t\u00e1til-museu.jpg","datePublished":"2014-09-12T23:01:44+00:00","dateModified":"2026-02-09T18:38:46+00:00","author":{"@id":"https:\/\/museuweg.net\/blog\/#\/schema\/person\/6d1ec17102406909e0c81238beecfdf7"},"breadcrumb":{"@id":"https:\/\/museuweg.net\/blog\/museu-weg-e-referencia-em-acessibilidade\/#breadcrumb"},"inLanguage":"pt-BR","potentialAction":[{"@type":"ReadAction","target":["https:\/\/museuweg.net\/blog\/museu-weg-e-referencia-em-acessibilidade\/"]}]},{"@type":"ImageObject","inLanguage":"pt-BR","@id":"https:\/\/museuweg.net\/blog\/museu-weg-e-referencia-em-acessibilidade\/#primaryimage","url":"https:\/\/museuweg.net\/blog\/wp-content\/uploads\/2014\/09\/Maquete-t\u00e1til-museu.jpg","contentUrl":"https:\/\/museuweg.net\/blog\/wp-content\/uploads\/2014\/09\/Maquete-t\u00e1til-museu.jpg","width":1100,"height":505},{"@type":"BreadcrumbList","@id":"https:\/\/museuweg.net\/blog\/museu-weg-e-referencia-em-acessibilidade\/#breadcrumb","itemListElement":[{"@type":"ListItem","position":1,"name":"In\u00edcio","item":"https:\/\/museuweg.net\/blog\/"},{"@type":"ListItem","position":2,"name":"Museu WEG \u00e9 refer\u00eancia em acessibilidade"}]},{"@type":"WebSite","@id":"https:\/\/museuweg.net\/blog\/#website","url":"https:\/\/museuweg.net\/blog\/","name":"Blog com Ci\u00eancia","description":"Museu WEG de Ci\u00eancia e Tecnologia","potentialAction":[{"@type":"SearchAction","target":{"@type":"EntryPoint","urlTemplate":"https:\/\/museuweg.net\/blog\/?s={search_term_string}"},"query-input":{"@type":"PropertyValueSpecification","valueRequired":true,"valueName":"search_term_string"}}],"inLanguage":"pt-BR"},{"@type":"Person","@id":"https:\/\/museuweg.net\/blog\/#\/schema\/person\/6d1ec17102406909e0c81238beecfdf7","name":"admin","image":{"@type":"ImageObject","inLanguage":"pt-BR","@id":"https:\/\/secure.gravatar.com\/avatar\/d8bb1be59748e98bbc178211fbd43ddd8350c39202621fcb70cd96ee344b3744?s=96&d=mm&r=g","url":"https:\/\/secure.gravatar.com\/avatar\/d8bb1be59748e98bbc178211fbd43ddd8350c39202621fcb70cd96ee344b3744?s=96&d=mm&r=g","contentUrl":"https:\/\/secure.gravatar.com\/avatar\/d8bb1be59748e98bbc178211fbd43ddd8350c39202621fcb70cd96ee344b3744?s=96&d=mm&r=g","caption":"admin"},"sameAs":["http:\/\/www.publicodigital.com.br"],"url":"https:\/\/museuweg.net\/blog\/author\/admin\/"}]}},"views":6147,"_links":{"self":[{"href":"https:\/\/museuweg.net\/blog\/wp-json\/wp\/v2\/posts\/15","targetHints":{"allow":["GET"]}}],"collection":[{"href":"https:\/\/museuweg.net\/blog\/wp-json\/wp\/v2\/posts"}],"about":[{"href":"https:\/\/museuweg.net\/blog\/wp-json\/wp\/v2\/types\/post"}],"author":[{"embeddable":true,"href":"https:\/\/museuweg.net\/blog\/wp-json\/wp\/v2\/users\/1"}],"replies":[{"embeddable":true,"href":"https:\/\/museuweg.net\/blog\/wp-json\/wp\/v2\/comments?post=15"}],"version-history":[{"count":11,"href":"https:\/\/museuweg.net\/blog\/wp-json\/wp\/v2\/posts\/15\/revisions"}],"predecessor-version":[{"id":85,"href":"https:\/\/museuweg.net\/blog\/wp-json\/wp\/v2\/posts\/15\/revisions\/85"}],"wp:featuredmedia":[{"embeddable":true,"href":"https:\/\/museuweg.net\/blog\/wp-json\/wp\/v2\/media\/18"}],"wp:attachment":[{"href":"https:\/\/museuweg.net\/blog\/wp-json\/wp\/v2\/media?parent=15"}],"wp:term":[{"taxonomy":"category","embeddable":true,"href":"https:\/\/museuweg.net\/blog\/wp-json\/wp\/v2\/categories?post=15"},{"taxonomy":"post_tag","embeddable":true,"href":"https:\/\/museuweg.net\/blog\/wp-json\/wp\/v2\/tags?post=15"}],"curies":[{"name":"wp","href":"https:\/\/api.w.org\/{rel}","templated":true}]}}