{"id":1406,"date":"2021-02-12T08:00:00","date_gmt":"2021-02-12T11:00:00","guid":{"rendered":"https:\/\/museuweg.net\/blog\/?p=1406"},"modified":"2026-02-09T15:47:07","modified_gmt":"2026-02-09T18:47:07","slug":"conheca-as-10-pessoas-mais-influentes-da-ciencia-em-2020-segundo-a-revista-nature","status":"publish","type":"post","link":"https:\/\/museuweg.net\/blog\/conheca-as-10-pessoas-mais-influentes-da-ciencia-em-2020-segundo-a-revista-nature\/","title":{"rendered":"Conhe\u00e7a as 10 pessoas mais influentes da ci\u00eancia em 2020 segundo a revista Nature"},"content":{"rendered":"\n<p>Publicada desde 1869, a revista brit\u00e2nica Nature est\u00e1 entre as mais prestigiadas da comunidade cient\u00edfica do mundo todo. A cada fim de ano, a revista publica a lista das 10 pessoas que se destacaram nos meses anteriores, por contribui\u00e7\u00f5es significativas para a ci\u00eancia.<\/p>\n\n\n\n<p>Em 2020, ano marcado pela pandemia do novo coronav\u00edrus, aconteceram muitos estudos cient\u00edficos em busca do tratamento e das vacinas para a Covid-19, e a lista n\u00e3o poderia ser diferente. Entre as <strong>10<\/strong> <strong>pessoas mais influentes da ci\u00eancia<\/strong> <strong>em 2020<\/strong>, sete est\u00e3o ligadas \u00e0 luta para conter a pandemia. \u00c9 importante frisar que a lista n\u00e3o se trata de um pr\u00eamio ou <em>ranking<\/em>.<\/p>\n\n\n\n<h2 class=\"wp-block-heading\"><strong>Conhe\u00e7a abaixo as 10 pessoas mais influentes da ci\u00eancia em 2020<\/strong><\/h2>\n\n\n\n<p><\/p>\n\n\n\n<h3 class=\"wp-block-heading\"><strong>Tedros Adhanom Ghebreyesus<\/strong><\/h3>\n\n\n\n<p>Natural da Eti\u00f3pia, Tedros Adhanom Ghebreyesus, diretor-geral da Organiza\u00e7\u00e3o Mundial da Sa\u00fade desde 2017, foi um dos nomes mais citados no notici\u00e1rio global em 2020. Ele foi reconhecido por enfrentar desafios e unir o planeta contra a doen\u00e7a, incluindo os EUA, que acusou a organiza\u00e7\u00e3o de falta de transpar\u00eancia no gerenciamento da pandemia do novo coronav\u00edrus.&nbsp;<\/p>\n\n\n\n<figure class=\"wp-block-gallery has-nested-images columns-default is-cropped wp-block-gallery-1 is-layout-flex wp-block-gallery-is-layout-flex\">\n<figure class=\"wp-block-image size-full\"><img loading=\"lazy\" decoding=\"async\" width=\"1024\" height=\"600\" data-id=\"2665\" src=\"https:\/\/museuweg.net\/blog\/wp-content\/uploads\/2023\/03\/Tedros-Adhanom-Ghebreyesus.jpg\" alt=\"\" class=\"wp-image-2665\" srcset=\"https:\/\/museuweg.net\/blog\/wp-content\/uploads\/2023\/03\/Tedros-Adhanom-Ghebreyesus.jpg 1024w, https:\/\/museuweg.net\/blog\/wp-content\/uploads\/2023\/03\/Tedros-Adhanom-Ghebreyesus-300x176.jpg 300w, https:\/\/museuweg.net\/blog\/wp-content\/uploads\/2023\/03\/Tedros-Adhanom-Ghebreyesus-768x450.jpg 768w\" sizes=\"auto, (max-width: 1024px) 100vw, 1024px\" \/><\/figure>\n<\/figure>\n\n\n\n<h3 class=\"wp-block-heading\"><strong>Verena Mohaupt<\/strong><\/h3>\n\n\n\n<p>A alem\u00e3 Verena Mohaupt foi reconhecida pela <a href=\"https:\/\/www.nature.com\/immersive\/d41586-020-03435-6\/index.html\">Nature<\/a> por salvar colegas de adversidades no \u00c1rtico, onde atuou como chefe de log\u00edstica de uma miss\u00e3o de pesquisadores. Mohaupt chegou a livrar colegas de um ataque de urso polar ao acionar uma equipe de pesquisa que estava perto do local e manteve cerca de 300 pesquisadores a salvo quando o navio que os transportava ficou preso no gelo por um ano.<\/p>\n\n\n\n<h3 class=\"wp-block-heading\"><strong>Gonzalo Moratorio<\/strong><\/h3>\n\n\n\n<p>Virologista do Instituto Pasteur e da Universidade da Rep\u00fablica em Montevid\u00e9u, Gonzalo Moratorio ficou famoso durante a pandemia da Covid-19 por ser um dos respons\u00e1veis pela r\u00e1pida conten\u00e7\u00e3o do v\u00edrus no Uruguai. Ele e a pesquisadora Pilar Moreno desenvolveram o teste diagn\u00f3stico de coronav\u00edrus que permitiu ao Uruguai ter menos de 100 mortes ap\u00f3s oito meses de pandemia. O pa\u00eds, que tem sistema de sa\u00fade universal e pol\u00edticas de conten\u00e7\u00e3o de epidemias, j\u00e1 se livrou rapidamente de surtos de febre amarela, zika e outras doen\u00e7as.<\/p>\n\n\n\n<h3 class=\"wp-block-heading\"><strong>Adi Utarini<\/strong><\/h3>\n\n\n\n<p>Em meio \u00e0 pandemia do novo coronav\u00edrus, Adi Utarini,&nbsp; professora e pesquisadora da Universidade de Gadjah Mada, foi considerada pela Nature uma das personalidades da ci\u00eancia em 2020 por seu trabalho no combate contra outra doen\u00e7a: a dengue. Ela e sua equipe reduziram em 77% os casos de dengue em partes da cidade de Utarini na Indon\u00e9sia ao liberarem mosquitos geneticamente modificados, t\u00e9cnica biol\u00f3gica que impede a propaga\u00e7\u00e3o de doen\u00e7as transmitidas pelo Aedes Aegypti.<\/p>\n\n\n\n<h3 class=\"wp-block-heading\"><strong>Jacinda Ardern<\/strong><\/h3>\n\n\n\n<p>A primeira-ministra da Nova Zel\u00e2ndia, Jacinda Ardern, \u00e9 apontada como a principal respons\u00e1vel pela conten\u00e7\u00e3o da pandemia do novo coronav\u00edrus no pa\u00eds. Em junho de 2020, ela anunciou que a pandemia estava controlada. Esse cen\u00e1rio foi resultado da ado\u00e7\u00e3o r\u00e1pida de medidas r\u00edgidas de isolamento social, logo quando a pandemia foi anunciada pela OMS. Com a colabora\u00e7\u00e3o dos 4,8 milh\u00f5es de habitantes, o pa\u00eds teve 1.504 casos confirmados e apenas 22 mortes. <a href=\"https:\/\/museuweg.net\/blog\/mulheres-que-fizeram-a-diferenca-na-historia-da-ciencia-internacional\/#content\">Conhe\u00e7a tamb\u00e9m outras mulheres que fizeram diferen\u00e7a na hist\u00f3ria da ci\u00eancia internacional.<\/a><\/p>\n\n\n\n<figure class=\"wp-block-image size-full\"><img loading=\"lazy\" decoding=\"async\" width=\"1024\" height=\"600\" src=\"https:\/\/museuweg.net\/blog\/wp-content\/uploads\/2023\/03\/Jacinda-Ardern-1.jpg\" alt=\"\" class=\"wp-image-2664\" srcset=\"https:\/\/museuweg.net\/blog\/wp-content\/uploads\/2023\/03\/Jacinda-Ardern-1.jpg 1024w, https:\/\/museuweg.net\/blog\/wp-content\/uploads\/2023\/03\/Jacinda-Ardern-1-300x176.jpg 300w, https:\/\/museuweg.net\/blog\/wp-content\/uploads\/2023\/03\/Jacinda-Ardern-1-768x450.jpg 768w\" sizes=\"auto, (max-width: 1024px) 100vw, 1024px\" \/><\/figure>\n\n\n\n<h3 class=\"wp-block-heading\"><strong>Kathrin Jansen<\/strong><\/h3>\n\n\n\n<p>Kathrin Jansen \u00e9 a chefe de pesquisa e desenvolvimento de vacinas da farmac\u00eautica americana Pfizer, uma das poucas empresas do mundo que conseguiram criar uma vacina contra a Covid-19. Atuando junto com a BioNTech, companhia alem\u00e3, realizou o projeto em tempo recorde: 210 dias. A vacina traz desafios log\u00edsticos como o armazenamento em -70 graus para manter sua efic\u00e1cia contra o novo coronav\u00edrus, mas, ainda assim, o feito cient\u00edfico representou um avan\u00e7o significativo para a sa\u00fade global. Junto a outras vacinas, a vacina da Pfizer ajudar\u00e1 a combater a pandemia e a evitar mortes no mundo todo.<\/p>\n\n\n\n<h3 class=\"wp-block-heading\"><strong>Zhang Yongzhen<\/strong><\/h3>\n\n\n\n<p>Zhang Yongzhen \u00e9 virologista do Centro Cl\u00ednico de Sa\u00fade P\u00fablica de Xangai e foi reconhecido pela comunidade cient\u00edfica como o primeiro a compartilhar o genoma do novo coronav\u00edrus na internet. Tudo come\u00e7ou em 3 de janeiro de 2020 quando ele recebeu uma caixa de metal que continha um tubo de ensaio embalado em gelo seco com cotonetes de um paciente que estava sofrendo de uma pneumonia nunca vista e que varria a cidade de Wuhan na China. Com sua equipe, Zhang analisou as amostras usando a mais nova tecnologia de sequenciamento de alto rendimento para RNA. Em dois dias, depois de trabalharem por 48 horas seguidas, terminaram de mapear o primeiro genoma completo do v\u00edrus. A medida permitiu que pesquisadores de todo o mundo pudessem trabalhar a fim de criar tratamentos e vacinas para pessoas infectadas pelo v\u00edrus causador da Covid-19.<\/p>\n\n\n\n<h3 class=\"wp-block-heading\"><strong>Chanda Prescod-Weinstein<\/strong><\/h3>\n\n\n\n<p>Apesar da pandemia, 2020 foi um ano bastante agitado para Chanda Prescod-Weinstein, cosm\u00f3loga e professora na Universidade de New Hampshire. Ela foi uma das organizadoras do movimento online por diversidade na ci\u00eancia chamado<em> Strike for Black Lives<\/em>. O movimento exigia que as institui\u00e7\u00f5es cient\u00edficas enfrentassem o racismo na ci\u00eancia e na sociedade. Ap\u00f3s isso, a comunidade cient\u00edfica adotou a justi\u00e7a social como parte de sua responsabilidade.<\/p>\n\n\n\n<h3 class=\"wp-block-heading\"><strong>Li Lanjuan<\/strong><\/h3>\n\n\n\n<p>Aos 73 anos de idade, a epidemiologista Li Lanjuan, da Universidade Zhejiang em Hangzhou, foi r\u00e1pida ao reconhecer a periculosidade do v\u00edrus da Covid-19 para a sa\u00fade das pessoas na China. Em 22 de janeiro de 2020, ela pediu uma forte pol\u00edtica de isolamento social na populosa cidade de Wuhan. No dia seguinte, a cidade adotou o <em>lockdown<\/em> que teve import\u00e2ncia significativa para conter a propaga\u00e7\u00e3o do v\u00edrus, ainda que algumas pessoas tenham ficado sem atendimento m\u00e9dico durante esse per\u00edodo.<\/p>\n\n\n\n<h3 class=\"wp-block-heading\"><strong> Anthony Fauci<\/strong><\/h3>\n\n\n\n<p>Chefe do Instituto Nacional de Alergia e Doen\u00e7as Infecciosas dos Estados Unidos desde 1984, Anthony Fauci teve uma atua\u00e7\u00e3o persistente em 2020, sendo conselheiro do presidente americano Donald Trump sobre como lidar com a pandemia da Covid-19. Mesmo com quase 80 anos de idade, Fauci permanecer\u00e1 na fun\u00e7\u00e3o para aconselhar o presidente eleito Joe Biden a partir deste ano. Um verdadeiro defensor da ci\u00eancia, Fauci recebeu amea\u00e7as e precisou andar com seguran\u00e7as para se proteger.&nbsp;<\/p>\n\n\n\n<figure class=\"wp-block-image size-full\"><img loading=\"lazy\" decoding=\"async\" width=\"1024\" height=\"600\" src=\"https:\/\/museuweg.net\/blog\/wp-content\/uploads\/2023\/03\/Anthony-Fauci-1.jpg\" alt=\"\" class=\"wp-image-2663\" srcset=\"https:\/\/museuweg.net\/blog\/wp-content\/uploads\/2023\/03\/Anthony-Fauci-1.jpg 1024w, https:\/\/museuweg.net\/blog\/wp-content\/uploads\/2023\/03\/Anthony-Fauci-1-300x176.jpg 300w, https:\/\/museuweg.net\/blog\/wp-content\/uploads\/2023\/03\/Anthony-Fauci-1-768x450.jpg 768w\" sizes=\"auto, (max-width: 1024px) 100vw, 1024px\" \/><\/figure>\n\n\n\n<p>Essa foi a lista t\u00e3o esperada da revista Nature de 2020. Voc\u00ea citaria mais algu\u00e9m? Conta para a gente. J\u00e1 que o assunto \u00e9 cientistas, conhe\u00e7a os inventos de <a href=\"https:\/\/museuweg.net\/blog\/marie-curie-quem-foi-a-primeira-mulher-a-ganhar-um-premio-nobel\/#content\">Marie Curie<\/a> e como suas descobertas ajudaram centenas de soldados. \ud83d\ude09<\/p>\n","protected":false},"excerpt":{"rendered":"<p>Entre as 10 pessoas mais influentes da ci\u00eancia em 2020, sete est\u00e3o ligadas \u00e0 luta para conter a pandemia.<\/p>\n","protected":false},"author":4,"featured_media":2561,"comment_status":"closed","ping_status":"open","sticky":false,"template":"","format":"standard","meta":{"footnotes":""},"categories":[2,21],"tags":[642,12,44,555,640,618,641,643],"class_list":["post-1406","post","type-post","status-publish","format-standard","has-post-thumbnail","hentry","category-ciencia-2","category-tecnologia-2","tag-642","tag-ciencia","tag-cientistas","tag-covid-19","tag-nature","tag-pandemia","tag-pessoas-influentes","tag-revista-nature"],"yoast_head":"<!-- This site is optimized with the Yoast SEO plugin v27.4 - https:\/\/yoast.com\/product\/yoast-seo-wordpress\/ -->\n<title>Conhe\u00e7a as 10 pessoas mais influentes da ci\u00eancia em 2020 segundo a revista Nature - Blog com Ci\u00eancia<\/title>\n<meta name=\"robots\" content=\"index, follow, max-snippet:-1, max-image-preview:large, max-video-preview:-1\" \/>\n<link rel=\"canonical\" href=\"https:\/\/museuweg.net\/blog\/conheca-as-10-pessoas-mais-influentes-da-ciencia-em-2020-segundo-a-revista-nature\/\" \/>\n<meta property=\"og:locale\" content=\"pt_BR\" \/>\n<meta property=\"og:type\" content=\"article\" \/>\n<meta property=\"og:title\" content=\"Conhe\u00e7a as 10 pessoas mais influentes da ci\u00eancia em 2020 segundo a revista Nature - Blog com Ci\u00eancia\" \/>\n<meta property=\"og:description\" content=\"Entre as 10 pessoas mais influentes da ci\u00eancia em 2020, sete est\u00e3o ligadas \u00e0 luta para conter a pandemia.\" \/>\n<meta property=\"og:url\" content=\"https:\/\/museuweg.net\/blog\/conheca-as-10-pessoas-mais-influentes-da-ciencia-em-2020-segundo-a-revista-nature\/\" \/>\n<meta property=\"og:site_name\" content=\"Blog com Ci\u00eancia\" \/>\n<meta property=\"article:published_time\" content=\"2021-02-12T11:00:00+00:00\" \/>\n<meta property=\"article:modified_time\" content=\"2026-02-09T18:47:07+00:00\" \/>\n<meta property=\"og:image\" content=\"https:\/\/museuweg.net\/blog\/wp-content\/uploads\/2021\/02\/Conheca-as-10-pessoas-mais-influentes-da-ciencia-em-2020-segundo-a-revista-Nature.png\" \/>\n\t<meta property=\"og:image:width\" content=\"1106\" \/>\n\t<meta property=\"og:image:height\" content=\"400\" \/>\n\t<meta property=\"og:image:type\" content=\"image\/png\" \/>\n<meta name=\"author\" content=\"TK Comunica\u00e7\u00e3o\" \/>\n<meta name=\"twitter:card\" content=\"summary_large_image\" \/>\n<meta name=\"twitter:label1\" content=\"Escrito por\" \/>\n\t<meta name=\"twitter:data1\" content=\"TK Comunica\u00e7\u00e3o\" \/>\n\t<meta name=\"twitter:label2\" content=\"Est. tempo de leitura\" \/>\n\t<meta name=\"twitter:data2\" content=\"7 minutos\" \/>\n<script type=\"application\/ld+json\" class=\"yoast-schema-graph\">{\"@context\":\"https:\\\/\\\/schema.org\",\"@graph\":[{\"@type\":\"Article\",\"@id\":\"https:\\\/\\\/museuweg.net\\\/blog\\\/conheca-as-10-pessoas-mais-influentes-da-ciencia-em-2020-segundo-a-revista-nature\\\/#article\",\"isPartOf\":{\"@id\":\"https:\\\/\\\/museuweg.net\\\/blog\\\/conheca-as-10-pessoas-mais-influentes-da-ciencia-em-2020-segundo-a-revista-nature\\\/\"},\"author\":{\"name\":\"TK Comunica\u00e7\u00e3o\",\"@id\":\"https:\\\/\\\/museuweg.net\\\/blog\\\/#\\\/schema\\\/person\\\/335af7b18e8e13d0ea182a6959e3cd71\"},\"headline\":\"Conhe\u00e7a as 10 pessoas mais influentes da ci\u00eancia em 2020 segundo a revista Nature\",\"datePublished\":\"2021-02-12T11:00:00+00:00\",\"dateModified\":\"2026-02-09T18:47:07+00:00\",\"mainEntityOfPage\":{\"@id\":\"https:\\\/\\\/museuweg.net\\\/blog\\\/conheca-as-10-pessoas-mais-influentes-da-ciencia-em-2020-segundo-a-revista-nature\\\/\"},\"wordCount\":1088,\"image\":{\"@id\":\"https:\\\/\\\/museuweg.net\\\/blog\\\/conheca-as-10-pessoas-mais-influentes-da-ciencia-em-2020-segundo-a-revista-nature\\\/#primaryimage\"},\"thumbnailUrl\":\"https:\\\/\\\/museuweg.net\\\/blog\\\/wp-content\\\/uploads\\\/2021\\\/02\\\/Conheca-as-10-pessoas-mais-influentes-da-ciencia-em-2020-segundo-a-revista-Nature.png\",\"keywords\":[\"2020\",\"ci\u00eancia\",\"cientistas\",\"covid-19\",\"nature\",\"pandemia\",\"pessoas influentes\",\"revista nature\"],\"articleSection\":[\"Ci\u00eancia\",\"Tecnologia\"],\"inLanguage\":\"pt-BR\"},{\"@type\":\"WebPage\",\"@id\":\"https:\\\/\\\/museuweg.net\\\/blog\\\/conheca-as-10-pessoas-mais-influentes-da-ciencia-em-2020-segundo-a-revista-nature\\\/\",\"url\":\"https:\\\/\\\/museuweg.net\\\/blog\\\/conheca-as-10-pessoas-mais-influentes-da-ciencia-em-2020-segundo-a-revista-nature\\\/\",\"name\":\"Conhe\u00e7a as 10 pessoas mais influentes da ci\u00eancia em 2020 segundo a revista Nature - Blog com Ci\u00eancia\",\"isPartOf\":{\"@id\":\"https:\\\/\\\/museuweg.net\\\/blog\\\/#website\"},\"primaryImageOfPage\":{\"@id\":\"https:\\\/\\\/museuweg.net\\\/blog\\\/conheca-as-10-pessoas-mais-influentes-da-ciencia-em-2020-segundo-a-revista-nature\\\/#primaryimage\"},\"image\":{\"@id\":\"https:\\\/\\\/museuweg.net\\\/blog\\\/conheca-as-10-pessoas-mais-influentes-da-ciencia-em-2020-segundo-a-revista-nature\\\/#primaryimage\"},\"thumbnailUrl\":\"https:\\\/\\\/museuweg.net\\\/blog\\\/wp-content\\\/uploads\\\/2021\\\/02\\\/Conheca-as-10-pessoas-mais-influentes-da-ciencia-em-2020-segundo-a-revista-Nature.png\",\"datePublished\":\"2021-02-12T11:00:00+00:00\",\"dateModified\":\"2026-02-09T18:47:07+00:00\",\"author\":{\"@id\":\"https:\\\/\\\/museuweg.net\\\/blog\\\/#\\\/schema\\\/person\\\/335af7b18e8e13d0ea182a6959e3cd71\"},\"breadcrumb\":{\"@id\":\"https:\\\/\\\/museuweg.net\\\/blog\\\/conheca-as-10-pessoas-mais-influentes-da-ciencia-em-2020-segundo-a-revista-nature\\\/#breadcrumb\"},\"inLanguage\":\"pt-BR\",\"potentialAction\":[{\"@type\":\"ReadAction\",\"target\":[\"https:\\\/\\\/museuweg.net\\\/blog\\\/conheca-as-10-pessoas-mais-influentes-da-ciencia-em-2020-segundo-a-revista-nature\\\/\"]}]},{\"@type\":\"ImageObject\",\"inLanguage\":\"pt-BR\",\"@id\":\"https:\\\/\\\/museuweg.net\\\/blog\\\/conheca-as-10-pessoas-mais-influentes-da-ciencia-em-2020-segundo-a-revista-nature\\\/#primaryimage\",\"url\":\"https:\\\/\\\/museuweg.net\\\/blog\\\/wp-content\\\/uploads\\\/2021\\\/02\\\/Conheca-as-10-pessoas-mais-influentes-da-ciencia-em-2020-segundo-a-revista-Nature.png\",\"contentUrl\":\"https:\\\/\\\/museuweg.net\\\/blog\\\/wp-content\\\/uploads\\\/2021\\\/02\\\/Conheca-as-10-pessoas-mais-influentes-da-ciencia-em-2020-segundo-a-revista-Nature.png\",\"width\":1106,\"height\":400},{\"@type\":\"BreadcrumbList\",\"@id\":\"https:\\\/\\\/museuweg.net\\\/blog\\\/conheca-as-10-pessoas-mais-influentes-da-ciencia-em-2020-segundo-a-revista-nature\\\/#breadcrumb\",\"itemListElement\":[{\"@type\":\"ListItem\",\"position\":1,\"name\":\"In\u00edcio\",\"item\":\"https:\\\/\\\/museuweg.net\\\/blog\\\/\"},{\"@type\":\"ListItem\",\"position\":2,\"name\":\"Conhe\u00e7a as 10 pessoas mais influentes da ci\u00eancia em 2020 segundo a revista Nature\"}]},{\"@type\":\"WebSite\",\"@id\":\"https:\\\/\\\/museuweg.net\\\/blog\\\/#website\",\"url\":\"https:\\\/\\\/museuweg.net\\\/blog\\\/\",\"name\":\"Blog com Ci\u00eancia\",\"description\":\"Museu WEG de Ci\u00eancia e Tecnologia\",\"potentialAction\":[{\"@type\":\"SearchAction\",\"target\":{\"@type\":\"EntryPoint\",\"urlTemplate\":\"https:\\\/\\\/museuweg.net\\\/blog\\\/?s={search_term_string}\"},\"query-input\":{\"@type\":\"PropertyValueSpecification\",\"valueRequired\":true,\"valueName\":\"search_term_string\"}}],\"inLanguage\":\"pt-BR\"},{\"@type\":\"Person\",\"@id\":\"https:\\\/\\\/museuweg.net\\\/blog\\\/#\\\/schema\\\/person\\\/335af7b18e8e13d0ea182a6959e3cd71\",\"name\":\"TK Comunica\u00e7\u00e3o\",\"image\":{\"@type\":\"ImageObject\",\"inLanguage\":\"pt-BR\",\"@id\":\"https:\\\/\\\/secure.gravatar.com\\\/avatar\\\/ebfca77cb195b9e897fac15a333836ddc82752dc4be91c0f419de3d3daf543b4?s=96&d=mm&r=g\",\"url\":\"https:\\\/\\\/secure.gravatar.com\\\/avatar\\\/ebfca77cb195b9e897fac15a333836ddc82752dc4be91c0f419de3d3daf543b4?s=96&d=mm&r=g\",\"contentUrl\":\"https:\\\/\\\/secure.gravatar.com\\\/avatar\\\/ebfca77cb195b9e897fac15a333836ddc82752dc4be91c0f419de3d3daf543b4?s=96&d=mm&r=g\",\"caption\":\"TK Comunica\u00e7\u00e3o\"},\"url\":\"https:\\\/\\\/museuweg.net\\\/blog\\\/author\\\/tkcomunicacao\\\/\"}]}<\/script>\n<!-- \/ Yoast SEO plugin. -->","yoast_head_json":{"title":"Conhe\u00e7a as 10 pessoas mais influentes da ci\u00eancia em 2020 segundo a revista Nature - Blog com Ci\u00eancia","robots":{"index":"index","follow":"follow","max-snippet":"max-snippet:-1","max-image-preview":"max-image-preview:large","max-video-preview":"max-video-preview:-1"},"canonical":"https:\/\/museuweg.net\/blog\/conheca-as-10-pessoas-mais-influentes-da-ciencia-em-2020-segundo-a-revista-nature\/","og_locale":"pt_BR","og_type":"article","og_title":"Conhe\u00e7a as 10 pessoas mais influentes da ci\u00eancia em 2020 segundo a revista Nature - Blog com Ci\u00eancia","og_description":"Entre as 10 pessoas mais influentes da ci\u00eancia em 2020, sete est\u00e3o ligadas \u00e0 luta para conter a pandemia.","og_url":"https:\/\/museuweg.net\/blog\/conheca-as-10-pessoas-mais-influentes-da-ciencia-em-2020-segundo-a-revista-nature\/","og_site_name":"Blog com Ci\u00eancia","article_published_time":"2021-02-12T11:00:00+00:00","article_modified_time":"2026-02-09T18:47:07+00:00","og_image":[{"width":1106,"height":400,"url":"https:\/\/museuweg.net\/blog\/wp-content\/uploads\/2021\/02\/Conheca-as-10-pessoas-mais-influentes-da-ciencia-em-2020-segundo-a-revista-Nature.png","type":"image\/png"}],"author":"TK Comunica\u00e7\u00e3o","twitter_card":"summary_large_image","twitter_misc":{"Escrito por":"TK Comunica\u00e7\u00e3o","Est. tempo de leitura":"7 minutos"},"schema":{"@context":"https:\/\/schema.org","@graph":[{"@type":"Article","@id":"https:\/\/museuweg.net\/blog\/conheca-as-10-pessoas-mais-influentes-da-ciencia-em-2020-segundo-a-revista-nature\/#article","isPartOf":{"@id":"https:\/\/museuweg.net\/blog\/conheca-as-10-pessoas-mais-influentes-da-ciencia-em-2020-segundo-a-revista-nature\/"},"author":{"name":"TK Comunica\u00e7\u00e3o","@id":"https:\/\/museuweg.net\/blog\/#\/schema\/person\/335af7b18e8e13d0ea182a6959e3cd71"},"headline":"Conhe\u00e7a as 10 pessoas mais influentes da ci\u00eancia em 2020 segundo a revista Nature","datePublished":"2021-02-12T11:00:00+00:00","dateModified":"2026-02-09T18:47:07+00:00","mainEntityOfPage":{"@id":"https:\/\/museuweg.net\/blog\/conheca-as-10-pessoas-mais-influentes-da-ciencia-em-2020-segundo-a-revista-nature\/"},"wordCount":1088,"image":{"@id":"https:\/\/museuweg.net\/blog\/conheca-as-10-pessoas-mais-influentes-da-ciencia-em-2020-segundo-a-revista-nature\/#primaryimage"},"thumbnailUrl":"https:\/\/museuweg.net\/blog\/wp-content\/uploads\/2021\/02\/Conheca-as-10-pessoas-mais-influentes-da-ciencia-em-2020-segundo-a-revista-Nature.png","keywords":["2020","ci\u00eancia","cientistas","covid-19","nature","pandemia","pessoas influentes","revista nature"],"articleSection":["Ci\u00eancia","Tecnologia"],"inLanguage":"pt-BR"},{"@type":"WebPage","@id":"https:\/\/museuweg.net\/blog\/conheca-as-10-pessoas-mais-influentes-da-ciencia-em-2020-segundo-a-revista-nature\/","url":"https:\/\/museuweg.net\/blog\/conheca-as-10-pessoas-mais-influentes-da-ciencia-em-2020-segundo-a-revista-nature\/","name":"Conhe\u00e7a as 10 pessoas mais influentes da ci\u00eancia em 2020 segundo a revista Nature - Blog com Ci\u00eancia","isPartOf":{"@id":"https:\/\/museuweg.net\/blog\/#website"},"primaryImageOfPage":{"@id":"https:\/\/museuweg.net\/blog\/conheca-as-10-pessoas-mais-influentes-da-ciencia-em-2020-segundo-a-revista-nature\/#primaryimage"},"image":{"@id":"https:\/\/museuweg.net\/blog\/conheca-as-10-pessoas-mais-influentes-da-ciencia-em-2020-segundo-a-revista-nature\/#primaryimage"},"thumbnailUrl":"https:\/\/museuweg.net\/blog\/wp-content\/uploads\/2021\/02\/Conheca-as-10-pessoas-mais-influentes-da-ciencia-em-2020-segundo-a-revista-Nature.png","datePublished":"2021-02-12T11:00:00+00:00","dateModified":"2026-02-09T18:47:07+00:00","author":{"@id":"https:\/\/museuweg.net\/blog\/#\/schema\/person\/335af7b18e8e13d0ea182a6959e3cd71"},"breadcrumb":{"@id":"https:\/\/museuweg.net\/blog\/conheca-as-10-pessoas-mais-influentes-da-ciencia-em-2020-segundo-a-revista-nature\/#breadcrumb"},"inLanguage":"pt-BR","potentialAction":[{"@type":"ReadAction","target":["https:\/\/museuweg.net\/blog\/conheca-as-10-pessoas-mais-influentes-da-ciencia-em-2020-segundo-a-revista-nature\/"]}]},{"@type":"ImageObject","inLanguage":"pt-BR","@id":"https:\/\/museuweg.net\/blog\/conheca-as-10-pessoas-mais-influentes-da-ciencia-em-2020-segundo-a-revista-nature\/#primaryimage","url":"https:\/\/museuweg.net\/blog\/wp-content\/uploads\/2021\/02\/Conheca-as-10-pessoas-mais-influentes-da-ciencia-em-2020-segundo-a-revista-Nature.png","contentUrl":"https:\/\/museuweg.net\/blog\/wp-content\/uploads\/2021\/02\/Conheca-as-10-pessoas-mais-influentes-da-ciencia-em-2020-segundo-a-revista-Nature.png","width":1106,"height":400},{"@type":"BreadcrumbList","@id":"https:\/\/museuweg.net\/blog\/conheca-as-10-pessoas-mais-influentes-da-ciencia-em-2020-segundo-a-revista-nature\/#breadcrumb","itemListElement":[{"@type":"ListItem","position":1,"name":"In\u00edcio","item":"https:\/\/museuweg.net\/blog\/"},{"@type":"ListItem","position":2,"name":"Conhe\u00e7a as 10 pessoas mais influentes da ci\u00eancia em 2020 segundo a revista Nature"}]},{"@type":"WebSite","@id":"https:\/\/museuweg.net\/blog\/#website","url":"https:\/\/museuweg.net\/blog\/","name":"Blog com Ci\u00eancia","description":"Museu WEG de Ci\u00eancia e Tecnologia","potentialAction":[{"@type":"SearchAction","target":{"@type":"EntryPoint","urlTemplate":"https:\/\/museuweg.net\/blog\/?s={search_term_string}"},"query-input":{"@type":"PropertyValueSpecification","valueRequired":true,"valueName":"search_term_string"}}],"inLanguage":"pt-BR"},{"@type":"Person","@id":"https:\/\/museuweg.net\/blog\/#\/schema\/person\/335af7b18e8e13d0ea182a6959e3cd71","name":"TK Comunica\u00e7\u00e3o","image":{"@type":"ImageObject","inLanguage":"pt-BR","@id":"https:\/\/secure.gravatar.com\/avatar\/ebfca77cb195b9e897fac15a333836ddc82752dc4be91c0f419de3d3daf543b4?s=96&d=mm&r=g","url":"https:\/\/secure.gravatar.com\/avatar\/ebfca77cb195b9e897fac15a333836ddc82752dc4be91c0f419de3d3daf543b4?s=96&d=mm&r=g","contentUrl":"https:\/\/secure.gravatar.com\/avatar\/ebfca77cb195b9e897fac15a333836ddc82752dc4be91c0f419de3d3daf543b4?s=96&d=mm&r=g","caption":"TK Comunica\u00e7\u00e3o"},"url":"https:\/\/museuweg.net\/blog\/author\/tkcomunicacao\/"}]}},"views":3583,"_links":{"self":[{"href":"https:\/\/museuweg.net\/blog\/wp-json\/wp\/v2\/posts\/1406","targetHints":{"allow":["GET"]}}],"collection":[{"href":"https:\/\/museuweg.net\/blog\/wp-json\/wp\/v2\/posts"}],"about":[{"href":"https:\/\/museuweg.net\/blog\/wp-json\/wp\/v2\/types\/post"}],"author":[{"embeddable":true,"href":"https:\/\/museuweg.net\/blog\/wp-json\/wp\/v2\/users\/4"}],"replies":[{"embeddable":true,"href":"https:\/\/museuweg.net\/blog\/wp-json\/wp\/v2\/comments?post=1406"}],"version-history":[{"count":8,"href":"https:\/\/museuweg.net\/blog\/wp-json\/wp\/v2\/posts\/1406\/revisions"}],"predecessor-version":[{"id":2666,"href":"https:\/\/museuweg.net\/blog\/wp-json\/wp\/v2\/posts\/1406\/revisions\/2666"}],"wp:featuredmedia":[{"embeddable":true,"href":"https:\/\/museuweg.net\/blog\/wp-json\/wp\/v2\/media\/2561"}],"wp:attachment":[{"href":"https:\/\/museuweg.net\/blog\/wp-json\/wp\/v2\/media?parent=1406"}],"wp:term":[{"taxonomy":"category","embeddable":true,"href":"https:\/\/museuweg.net\/blog\/wp-json\/wp\/v2\/categories?post=1406"},{"taxonomy":"post_tag","embeddable":true,"href":"https:\/\/museuweg.net\/blog\/wp-json\/wp\/v2\/tags?post=1406"}],"curies":[{"name":"wp","href":"https:\/\/api.w.org\/{rel}","templated":true}]}}